{"id":3343696,"date":"2019-06-11T14:00:23","date_gmt":"2019-06-11T14:00:23","guid":{"rendered":"https:\/\/womensnetwork.org\/?p=3343696"},"modified":"2020-01-13T14:01:09","modified_gmt":"2020-01-13T14:01:09","slug":"ruka-ruci-podrzava-ucesce-zena-iz-plemetine-u-politici","status":"publish","type":"post","link":"https:\/\/womensnetwork.org\/sr\/ruka-ruci-podrzava-ucesce-zena-iz-plemetine-u-politici\/","title":{"rendered":"Ruka Ruci podr\u017eava u\u010de\u0161c\u0301e \u017eena iz Plemetine u politici"},"content":{"rendered":"<p>Organizacija &#8222;Ruka Ruci&#8220; je 11. juna odr\u017eala informativnu sednicu sa srpskim \u017eenama u Plemetini u Obilic\u0301u da ih obavesti o inicijativi &#8222;Ja\u010danje u\u010de\u0161c\u0301a \u017eena u politici&#8220;.<\/p>\n<p>Ova \u010detvorogodi\u0161nja inicijativa koju podr\u017eava Kancelarija Evropske unije (EU) na Kosovu sprovodi Mre\u017ea \u017eena Kosova (M\u017dK) u partnerstvu sa Ruka Ruci, Kosovskom organizacijom mi\u0161ic\u0301ne distrofije (OPDMK) i Evropskom asocijacijom advokata \u017eena (EWLA).<\/p>\n<p>Nevenka Rikalo, izvr\u0161na direktorica Ruke Ruci, podelila je sa prisutnima cilj i o\u010dekivanja od realizacije ove zajedni\u010dke inicijative.<\/p>\n<blockquote><p>&#8222;Da bismo povec\u0301ali osna\u017eivanje \u017eena u dono\u0161enju odluka, moramo ostati ujedinjene. Za bilo koja rodna pitanja koja imate, mo\u017eete ra\u010dunati na M\u017dK, gde mo\u017eete re\u0161iti svoje probleme sa stvarima s kojima se suo\u010davate \u201c, rekla je ona.<\/p><\/blockquote>\n<p>Rikalo je tako\u0111e obavestila \u017eene da se nastavila saradnja mnogih va\u017enih \u017eena koja funkcioni\u0161e pod okriljem M\u017dK, odnosno Koalicije za ravnopravnost (UN) i Lobija za rodnu ravnopravnost (Lobi).<\/p>\n<p>Dok, \u017divadinka Radosavljevic\u0301, vo\u0111a organizacije &#8222;Idemo pravo&#8220; u Plemetini, izrazila je zabrinutost zbog nedostatka pristupa informacijama o \u017eenama u ovom selu.<\/p>\n<p>Jelena Radosavljevic\u0301, medicinska sestra, govorila je o rodnim stereotipima koji kontinuirano diskrimini\u0161u \u017eene.<\/p>\n<blockquote><p>&#8222;Za svaku inicijativu koja se, bez obzira na to koliko sposobna da si, jo\u0161 uvek ste tretirani kao \u017eena, moralno. Veoma je te\u0161ko stigmatizovati dru\u0161tvo i krug uop\u0161te. \u010cak i u \u0161koli, ako idete kao roditelj i pokrenete neko pitanje, svi upiru prstom u vas. Kao \u017eena ovde gotovo ni\u0161ta ne mo\u017eete \u201d, rekao je Radosavlevic\u0301.<\/p><\/blockquote>\n<p>U\u010desnici su se slo\u017eili o va\u017enosti povec\u0301anja broja \u017eena u politi\u010dkim procesima i procesima dono\u0161enja odluka.<\/p>\n<p>Takvi sastanci su do sada odr\u017eavani u Gra\u010danici, Novom Brdu, Zubinom Potoku, Ugljaru i severnoj Mitrovici.<\/p>\n<p>Ovu inicijativu podr\u017eava Kancelarija Evropske unije (EU) na Kosovu.<\/p>\n<p>&nbsp;<\/p>\n","protected":false},"excerpt":{"rendered":"<p>Organizacija &#8222;Ruka Ruci&#8220; je 11. juna odr\u017eala informativnu sednicu sa srpskim \u017eenama u Plemetini u Obilic\u0301u da ih obavesti o inicijativi &#8222;Ja\u010danje u\u010de\u0161c\u0301a \u017eena u politici&#8220;. Ova \u010detvorogodi\u0161nja inicijativa koju podr\u017eava Kancelarija Evropske unije (EU) na Kosovu sprovodi Mre\u017ea \u017eena Kosova (M\u017dK) u partnerstvu sa Ruka Ruci, Kosovskom organizacijom mi\u0161ic\u0301ne distrofije (OPDMK) i Evropskom asocijacijom [&hellip;]<\/p>\n","protected":false},"author":9,"featured_media":3340562,"comment_status":"open","ping_status":"open","sticky":false,"template":"","format":"standard","meta":{"_FSMCFIC_featured_image_caption":"","_FSMCFIC_featured_image_nocaption":"","_FSMCFIC_featured_image_hide":"","footnotes":""},"categories":[59],"tags":[],"class_list":["post-3343696","post","type-post","status-publish","format-standard","has-post-thumbnail","hentry","category-vesti"],"acf":[],"_links":{"self":[{"href":"https:\/\/womensnetwork.org\/sr\/wp-json\/wp\/v2\/posts\/3343696","targetHints":{"allow":["GET"]}}],"collection":[{"href":"https:\/\/womensnetwork.org\/sr\/wp-json\/wp\/v2\/posts"}],"about":[{"href":"https:\/\/womensnetwork.org\/sr\/wp-json\/wp\/v2\/types\/post"}],"author":[{"embeddable":true,"href":"https:\/\/womensnetwork.org\/sr\/wp-json\/wp\/v2\/users\/9"}],"replies":[{"embeddable":true,"href":"https:\/\/womensnetwork.org\/sr\/wp-json\/wp\/v2\/comments?post=3343696"}],"version-history":[{"count":1,"href":"https:\/\/womensnetwork.org\/sr\/wp-json\/wp\/v2\/posts\/3343696\/revisions"}],"predecessor-version":[{"id":3343697,"href":"https:\/\/womensnetwork.org\/sr\/wp-json\/wp\/v2\/posts\/3343696\/revisions\/3343697"}],"wp:featuredmedia":[{"embeddable":true,"href":"https:\/\/womensnetwork.org\/sr\/wp-json\/wp\/v2\/media\/3340562"}],"wp:attachment":[{"href":"https:\/\/womensnetwork.org\/sr\/wp-json\/wp\/v2\/media?parent=3343696"}],"wp:term":[{"taxonomy":"category","embeddable":true,"href":"https:\/\/womensnetwork.org\/sr\/wp-json\/wp\/v2\/categories?post=3343696"},{"taxonomy":"post_tag","embeddable":true,"href":"https:\/\/womensnetwork.org\/sr\/wp-json\/wp\/v2\/tags?post=3343696"}],"curies":[{"name":"wp","href":"https:\/\/api.w.org\/{rel}","templated":true}]}}