{"id":3344002,"date":"2019-11-27T11:18:42","date_gmt":"2019-11-27T11:18:42","guid":{"rendered":"https:\/\/womensnetwork.org\/?p=3344002"},"modified":"2020-02-03T11:19:20","modified_gmt":"2020-02-03T11:19:20","slug":"euloc-odrzala-prvu-radionicu-za-promovisanje-pravicnog-rodnog-budzetiranja-2","status":"publish","type":"post","link":"https:\/\/womensnetwork.org\/sr\/euloc-odrzala-prvu-radionicu-za-promovisanje-pravicnog-rodnog-budzetiranja-2\/","title":{"rendered":"EULOC odr\u017eala prvu radionicu za promovisanje pravi\u010dnog rodnog bud\u017eetiranja"},"content":{"rendered":"<p>Model rodne strukture, integracija rodnog bud\u017eetiranja kao i standardna sredstva rodnog bud\u017eetiranja, bile su samo neke od tema o kojima se diskutovalo na radionici <em>\u201ePolitika i prakse rodnog bud\u017eetiranja na op\u0161tinskom nivou\u201c, <\/em>inicijativa koju je podr\u017eala Kancelarija Evropske unije (EU) preko Fonda \u017eena Kosova (F\u017dK) Mre\u017ee \u017eena Kosova (M\u017dK), a koju je sprovela Organizacija za lokalne reforme \u2013 EULOC u Vitini.<\/p>\n<p>Melihate Osmani, menad\u017eerka u EULOC-u, je na po\u010detku predstavila bitnost ovog projekta koji te\u017ei pobolj\u0161anju sprovo\u0111enja pravi\u010dnog rodnog bud\u017eetiranja na lokalnom nivou.<\/p>\n<p>A Florim Brahimi, izvr\u0161ni direktor EULOC-a je pomenuo tok i faze sprovo\u0111enja ove petomese\u010dne inicijative, u koju \u0107e se obuhvatiti op\u0161tinski slu\u017ebenici, \u010dlanovi Skup\u0161tine op\u0161tine, komiteti, grupe \u017eena. Civilno dru\u0161tvo i ostali akteri.<\/p>\n<p>Latife Neziri, konsultant obuke, istakla je bitnost obuhvatanja \u017eena i mu\u0161karaca u svim fazama procesa dono\u0161enja odluka.<\/p>\n<blockquote><p>\u201eRodno bud\u017eetiranje je analiza bud\u017eeta iz rodne perspektive, iz koje proizilaze razlike \u0161to s ti\u010de njegovog uticaja kod \u017eena i mu\u0161karaca\u201c, rekla je Neziri.<\/p><\/blockquote>\n<p>Na radionici su u\u010destvovalo slu\u017ebenici iz razli\u010ditih uprava u Op\u0161tini Vitina, gde su dobili vodi\u010d i preporuke koje su im potrebne za obuhvatanje rodne perspektive u bud\u017eetiranje.<\/p>\n<p>Kao deo ove inicijative, EULOC je potpisao sporazum saradnje sa op\u0161tinom Vitina, kako bi se obezbedilo \u0161to ve\u0107e sprovo\u0111enje Zakona o ravnopravnosti polova (ZRP) i praktikovanja rodnog bud\u017eetiranja u Vitini.<\/p>\n<p>Ovu inicijativu je podr\u017eao Fond \u017eena Kosova (F\u017dK), a finansirala ga je Kancelarije Evropske unije (EU) na Kosovu.<\/p>\n<p>Pored organizacije EULOC, dobitnice 13. runde F\u017dK-a su i 17 drugih organizacija \u010dlanica. Ceo spisak mo\u017eete pro\u010ditati <a href=\"https:\/\/womensnetwork.org\/sr\/fond-zena-kosova-dodelo-66429-evro-za-18-organizacija-clanica-mzk-a\/\">OVDE.<\/a><\/p>\n","protected":false},"excerpt":{"rendered":"<p>Model rodne strukture, integracija rodnog bud\u017eetiranja kao i standardna sredstva rodnog bud\u017eetiranja, bile su samo neke od tema o kojima se diskutovalo na radionici \u201ePolitika i prakse rodnog bud\u017eetiranja na op\u0161tinskom nivou\u201c, inicijativa koju je podr\u017eala Kancelarija Evropske unije (EU) preko Fonda \u017eena Kosova (F\u017dK) Mre\u017ee \u017eena Kosova (M\u017dK), a koju je sprovela Organizacija za [&hellip;]<\/p>\n","protected":false},"author":9,"featured_media":3342867,"comment_status":"open","ping_status":"open","sticky":false,"template":"","format":"standard","meta":{"_FSMCFIC_featured_image_caption":"","_FSMCFIC_featured_image_nocaption":"","_FSMCFIC_featured_image_hide":"","footnotes":""},"categories":[59],"tags":[],"class_list":["post-3344002","post","type-post","status-publish","format-standard","has-post-thumbnail","hentry","category-vesti"],"acf":[],"_links":{"self":[{"href":"https:\/\/womensnetwork.org\/sr\/wp-json\/wp\/v2\/posts\/3344002","targetHints":{"allow":["GET"]}}],"collection":[{"href":"https:\/\/womensnetwork.org\/sr\/wp-json\/wp\/v2\/posts"}],"about":[{"href":"https:\/\/womensnetwork.org\/sr\/wp-json\/wp\/v2\/types\/post"}],"author":[{"embeddable":true,"href":"https:\/\/womensnetwork.org\/sr\/wp-json\/wp\/v2\/users\/9"}],"replies":[{"embeddable":true,"href":"https:\/\/womensnetwork.org\/sr\/wp-json\/wp\/v2\/comments?post=3344002"}],"version-history":[{"count":1,"href":"https:\/\/womensnetwork.org\/sr\/wp-json\/wp\/v2\/posts\/3344002\/revisions"}],"predecessor-version":[{"id":3344003,"href":"https:\/\/womensnetwork.org\/sr\/wp-json\/wp\/v2\/posts\/3344002\/revisions\/3344003"}],"wp:featuredmedia":[{"embeddable":true,"href":"https:\/\/womensnetwork.org\/sr\/wp-json\/wp\/v2\/media\/3342867"}],"wp:attachment":[{"href":"https:\/\/womensnetwork.org\/sr\/wp-json\/wp\/v2\/media?parent=3344002"}],"wp:term":[{"taxonomy":"category","embeddable":true,"href":"https:\/\/womensnetwork.org\/sr\/wp-json\/wp\/v2\/categories?post=3344002"},{"taxonomy":"post_tag","embeddable":true,"href":"https:\/\/womensnetwork.org\/sr\/wp-json\/wp\/v2\/tags?post=3344002"}],"curies":[{"name":"wp","href":"https:\/\/api.w.org\/{rel}","templated":true}]}}