{"id":3346461,"date":"2020-07-08T08:51:55","date_gmt":"2020-07-08T08:51:55","guid":{"rendered":"https:\/\/womensnetwork.org\/?p=3346461"},"modified":"2020-08-03T13:56:05","modified_gmt":"2020-08-03T13:56:05","slug":"olaksao-zaposljavanje-zrtava-porodicnog-nasilja-i-seksualnog-nasilja-tokom-rata","status":"publish","type":"post","link":"https:\/\/womensnetwork.org\/sr\/olaksao-zaposljavanje-zrtava-porodicnog-nasilja-i-seksualnog-nasilja-tokom-rata\/","title":{"rendered":"Olak\u0161ao zapo\u0161ljavanje \u017ertava porodi\u010dnog nasilja i seksualnog nasilja tokom rata"},"content":{"rendered":"\n<p>Zapo\u0161ljavanje \u017ertava porodi\u010dnog nasilja, kao i pre\u017eivelih seksualnog nasilja tokom rata, od sada pa nadalje, bi\u0107e lak\u0161e.&nbsp;&nbsp;<\/p>\n\n\n\n<p>Tako ne\u0161to omogu\u0107eno je zahvaljuju\u0107i memorandumu koji je potpisan 8. jula izme\u0111u Ministarstva pravde (MP), Mre\u017ee prodavaca na malo i Mre\u017ee \u017eena Kosova (M\u017dK), sa inicijativom UN Women.<\/p>\n\n\n\n<p>Ministar pravde, Selim Selimi je obe\u0107ao da \u0107e podr\u017eati ove kategorije.&nbsp;&nbsp;<\/p>\n\n\n\n<p>\u201eU retkim slu\u010dajevima se institucije, vlada, civilno dru\u0161tvo i privatni sektor udru\u017euju kako bi potpisali jednu dobru volju, putem kojeg izra\u017eavamo spremnost da budemo uz \u017eene koje su \u017ertve nasilja\u201c, rekao je on.&nbsp;&nbsp;<\/p>\n\n\n\n<p>A izvr\u0161na direktorka M\u017dK-a Igballe Rogova je rekla da je ekonomska nezavisnost ove kategorije klju\u010d njihove sigurnosti i blagostanja.&nbsp;&nbsp;<\/p>\n\n\n\n<p>\u201eIzuzetno sam dirnuta, jer na kraju se shvatilo da ovaj trougao mora da funkcioni\u0161e kako bi se pomoglo gra\u0111anima Kosova. Taj trougao je vlada, civilno dru\u0161tvo i stranci\u201c, rekla je ona.&nbsp;&nbsp;<\/p>\n\n\n\n<p>Tako\u0111e Yllka Metaj iz Mre\u017ee prodavaca na malo, ovu&nbsp;inicijativu&nbsp;smatra veoma plodotvornom ubudu\u0107e.&nbsp;&nbsp;<\/p>\n","protected":false},"excerpt":{"rendered":"<p>Zapo\u0161ljavanje \u017ertava porodi\u010dnog nasilja, kao i pre\u017eivelih seksualnog nasilja tokom rata, od sada pa nadalje, bi\u0107e lak\u0161e.&nbsp;&nbsp; Tako ne\u0161to omogu\u0107eno je zahvaljuju\u0107i memorandumu koji je potpisan 8. jula izme\u0111u Ministarstva pravde (MP), Mre\u017ee prodavaca na malo i Mre\u017ee \u017eena Kosova (M\u017dK), sa inicijativom UN Women. Ministar pravde, Selim Selimi je obe\u0107ao da \u0107e podr\u017eati ove [&hellip;]<\/p>\n","protected":false},"author":7,"featured_media":3346451,"comment_status":"closed","ping_status":"closed","sticky":false,"template":"","format":"standard","meta":{"_FSMCFIC_featured_image_caption":"","_FSMCFIC_featured_image_nocaption":"","_FSMCFIC_featured_image_hide":"","footnotes":""},"categories":[59],"tags":[],"class_list":["post-3346461","post","type-post","status-publish","format-standard","has-post-thumbnail","hentry","category-vesti"],"acf":[],"_links":{"self":[{"href":"https:\/\/womensnetwork.org\/sr\/wp-json\/wp\/v2\/posts\/3346461","targetHints":{"allow":["GET"]}}],"collection":[{"href":"https:\/\/womensnetwork.org\/sr\/wp-json\/wp\/v2\/posts"}],"about":[{"href":"https:\/\/womensnetwork.org\/sr\/wp-json\/wp\/v2\/types\/post"}],"author":[{"embeddable":true,"href":"https:\/\/womensnetwork.org\/sr\/wp-json\/wp\/v2\/users\/7"}],"replies":[{"embeddable":true,"href":"https:\/\/womensnetwork.org\/sr\/wp-json\/wp\/v2\/comments?post=3346461"}],"version-history":[{"count":2,"href":"https:\/\/womensnetwork.org\/sr\/wp-json\/wp\/v2\/posts\/3346461\/revisions"}],"predecessor-version":[{"id":3346538,"href":"https:\/\/womensnetwork.org\/sr\/wp-json\/wp\/v2\/posts\/3346461\/revisions\/3346538"}],"wp:featuredmedia":[{"embeddable":true,"href":"https:\/\/womensnetwork.org\/sr\/wp-json\/wp\/v2\/media\/3346451"}],"wp:attachment":[{"href":"https:\/\/womensnetwork.org\/sr\/wp-json\/wp\/v2\/media?parent=3346461"}],"wp:term":[{"taxonomy":"category","embeddable":true,"href":"https:\/\/womensnetwork.org\/sr\/wp-json\/wp\/v2\/categories?post=3346461"},{"taxonomy":"post_tag","embeddable":true,"href":"https:\/\/womensnetwork.org\/sr\/wp-json\/wp\/v2\/tags?post=3346461"}],"curies":[{"name":"wp","href":"https:\/\/api.w.org\/{rel}","templated":true}]}}