{"id":3346717,"date":"2020-09-01T11:51:20","date_gmt":"2020-09-01T11:51:20","guid":{"rendered":"https:\/\/womensnetwork.org\/?p=3346717"},"modified":"2020-09-01T11:51:22","modified_gmt":"2020-09-01T11:51:22","slug":"aktivizam-mzk-a-tokom-avgusta","status":"publish","type":"post","link":"https:\/\/womensnetwork.org\/sr\/aktivizam-mzk-a-tokom-avgusta\/","title":{"rendered":"Aktivizam M\u017dK-a tokom avgusta"},"content":{"rendered":"\n<p>Tokom avgusta,\u00a0Mre\u017ea \u017eena Kosova\u00a0(M\u017dK)\u00a0je\u00a0radila na\u00a0ostvarivanju\u00a0svoje misije za\u00a0za\u0161titu\u00a0i promociju\u00a0prava \u017eena i devojaka,\u00a0nastavljaju\u0107i istra\u017eivanja i nadgledaju\u0107i one organizacije \u010dlanice kojim je to bilo potrebno.\u202f\u202f\u00a0<\/p>\n\n\n\n<p><strong>Doprinos&nbsp;<\/strong><strong>Kosovskog \u017eenskog fonda<\/strong>&nbsp;<\/p>\n\n\n\n<p>Uprkos \u010dinjenici da je&nbsp;pandemija&nbsp;COVID-19 uticala na prirodu terenskog rada&nbsp;Kosovskog \u017eenskog fonda (K\u017dF), to nije spre\u010dilo organizacije \u010dlanice M\u017dK-a,&nbsp;Rikotta&nbsp;i&nbsp;\u017denski centar \u201eATO\u201c&nbsp;da odr\u017ee prvi sastanak&nbsp;o ekonomskom osna\u017eivanju i izgradnji kapaciteta \u017eena. Zahvaljuju\u0107i ovoj inicijativi, 30&nbsp;bo\u0161nja\u010dkih&nbsp;i goranskih \u017eena iz Prevale i okolnih sela,&nbsp;kao \u0161to su:&nbsp;Mu\u0161nikovo, Gornje selo,&nbsp;Re\u010dane, Grn\u010dare&nbsp;i&nbsp;Ljubinje&nbsp;zajedno su razgovarale o svojim brigama i mogu\u0107nostima da pobolj\u0161aju polo\u017eaj \u017eena i devojaka u regionu.\u202f&nbsp;<\/p>\n\n\n\n<p>Tako\u0111e, osoblje M\u017dK-a&nbsp;je&nbsp;pru\u017eilo pomo\u0107&nbsp;i mentorstvo organizacijama \u010dlanicama po potrebi, s obzirom na to da rade na razvijanju aktivnosti u narednim danima, u skladu sa stvorenom situacijom.\u202f&nbsp;<\/p>\n\n\n\n<p><strong>Istra\u017eivanje o primeni Rezolucije&nbsp;<\/strong><strong>1325\u202f<\/strong>\u202f&nbsp;<\/p>\n\n\n\n<p>Jo\u0161 jedna va\u017ena posve\u0107enost osoblja M\u017dK-a&nbsp;tokom ovog meseca&nbsp;je&nbsp;bilo&nbsp;istra\u017eivanje koje \u0107e prethoditi drugom objavljivanju \u010cinjenice&nbsp;i basne. S obzirom na uspeh prve knjige objavljene 2011. godine, ova publikacija predstavlja nastavak pra\u0107enja primene Rezolucije Saveta bezbednosti Ujedinjenih nacija 1325 o \u017eenama, miru i bezbednosti na Kosovu. Istra\u017eiva\u010dki tim M\u017dK-a&nbsp;je&nbsp;intervjuisao protagoniste uklju\u010dene u sprovo\u0111enju&nbsp;ove rezolucije, \u010dije&nbsp;\u0107ete pri\u010de mo\u0107i da pro\u010ditate kasnije ove godine, koja obele\u017eava&nbsp;i&nbsp;20 godina od usvajanja ove rezolucije.\u202f\u202f\u202f&nbsp;<\/p>\n\n\n\n<p><strong>Izve\u0161taj o rodno zasnovanom nasilju<\/strong>&nbsp;<\/p>\n\n\n\n<p>Nastavljen je i&nbsp;rad na istra\u017eivanju rodno zasnovanog nasilja na Kosovu. Ovaj izvje\u0161taj, koji sledi iz&nbsp;izve\u0161taja \u201eNema vi\u0161e opravdanja\u201c iz 2015. godine, koji je podr\u017eala Austrijska razvojna agencija (ARA), istaknut \u0107e rastu\u0107u svest \u017eena i mu\u0161karaca o rodno zasnovanom nasilju od 2015.&nbsp;godine&nbsp;i predstavi\u0107e reakciju institucija na ovo nasilje.\u202f&nbsp;<\/p>\n\n\n\n<p>Ovo je kontinuirani napor M\u017dK-a da identifikuje rodno zasnovano nasilje i njegove posledice, kao i tra\u017eenje odgovaraju\u0107eg institucionalnog odgovora da se ovo nasilje osudi.\u202f\u202f&nbsp;<\/p>\n","protected":false},"excerpt":{"rendered":"<p>Tokom avgusta,\u00a0Mre\u017ea \u017eena Kosova\u00a0(M\u017dK)\u00a0je\u00a0radila na\u00a0ostvarivanju\u00a0svoje misije za\u00a0za\u0161titu\u00a0i promociju\u00a0prava \u017eena i devojaka,\u00a0nastavljaju\u0107i istra\u017eivanja i nadgledaju\u0107i one organizacije \u010dlanice kojim je to bilo potrebno.\u202f\u202f\u00a0 Doprinos&nbsp;Kosovskog \u017eenskog fonda&nbsp; Uprkos \u010dinjenici da je&nbsp;pandemija&nbsp;COVID-19 uticala na prirodu terenskog rada&nbsp;Kosovskog \u017eenskog fonda (K\u017dF), to nije spre\u010dilo organizacije \u010dlanice M\u017dK-a,&nbsp;Rikotta&nbsp;i&nbsp;\u017denski centar \u201eATO\u201c&nbsp;da odr\u017ee prvi sastanak&nbsp;o ekonomskom osna\u017eivanju i izgradnji kapaciteta \u017eena. Zahvaljuju\u0107i [&hellip;]<\/p>\n","protected":false},"author":7,"featured_media":3341292,"comment_status":"closed","ping_status":"closed","sticky":false,"template":"","format":"standard","meta":{"_FSMCFIC_featured_image_caption":"","_FSMCFIC_featured_image_nocaption":"","_FSMCFIC_featured_image_hide":"","footnotes":""},"categories":[59],"tags":[],"class_list":["post-3346717","post","type-post","status-publish","format-standard","has-post-thumbnail","hentry","category-vesti"],"acf":[],"_links":{"self":[{"href":"https:\/\/womensnetwork.org\/sr\/wp-json\/wp\/v2\/posts\/3346717","targetHints":{"allow":["GET"]}}],"collection":[{"href":"https:\/\/womensnetwork.org\/sr\/wp-json\/wp\/v2\/posts"}],"about":[{"href":"https:\/\/womensnetwork.org\/sr\/wp-json\/wp\/v2\/types\/post"}],"author":[{"embeddable":true,"href":"https:\/\/womensnetwork.org\/sr\/wp-json\/wp\/v2\/users\/7"}],"replies":[{"embeddable":true,"href":"https:\/\/womensnetwork.org\/sr\/wp-json\/wp\/v2\/comments?post=3346717"}],"version-history":[{"count":1,"href":"https:\/\/womensnetwork.org\/sr\/wp-json\/wp\/v2\/posts\/3346717\/revisions"}],"predecessor-version":[{"id":3346718,"href":"https:\/\/womensnetwork.org\/sr\/wp-json\/wp\/v2\/posts\/3346717\/revisions\/3346718"}],"wp:featuredmedia":[{"embeddable":true,"href":"https:\/\/womensnetwork.org\/sr\/wp-json\/wp\/v2\/media\/3341292"}],"wp:attachment":[{"href":"https:\/\/womensnetwork.org\/sr\/wp-json\/wp\/v2\/media?parent=3346717"}],"wp:term":[{"taxonomy":"category","embeddable":true,"href":"https:\/\/womensnetwork.org\/sr\/wp-json\/wp\/v2\/categories?post=3346717"},{"taxonomy":"post_tag","embeddable":true,"href":"https:\/\/womensnetwork.org\/sr\/wp-json\/wp\/v2\/tags?post=3346717"}],"curies":[{"name":"wp","href":"https:\/\/api.w.org\/{rel}","templated":true}]}}