{"id":3347120,"date":"2020-09-03T08:03:27","date_gmt":"2020-09-03T08:03:27","guid":{"rendered":"https:\/\/womensnetwork.org\/?p=3347120"},"modified":"2020-10-02T08:08:55","modified_gmt":"2020-10-02T08:08:55","slug":"mzk-deo-platforme-civilnog-drustva-za-dijalog","status":"publish","type":"post","link":"https:\/\/womensnetwork.org\/sr\/mzk-deo-platforme-civilnog-drustva-za-dijalog\/","title":{"rendered":"M\u017dK, deo platforme civilnog dru\u0161tva za dijalog"},"content":{"rendered":"\n<p>\u00a9KDI<\/p>\n\n\n\n<p><br>Mre\u017ea \u017eena Kosova&nbsp;(M\u017dK)&nbsp;jedna je od organizacija civilnog dru\u0161tva koje su uspostavile zajedni\u010dku platformu&nbsp;za saradnju i koordinaciju&nbsp;NVO-a&nbsp;na Kosovu,&nbsp;koje su razvile i razvijaju ekspertizu u oblasti dijaloga izme\u0111u Kosova i Srbije.&nbsp;&nbsp;<\/p>\n\n\n\n<p>Ova platforma je uspostavljena u cilju promovisanja&nbsp;transparentnosti, odgovornosti i&nbsp;inkluzivnosti,&nbsp;predstavnici civilnog dru\u0161tva imaju za cilj da ostvare&nbsp;proaktiviniju&nbsp;i organizovaniju ulogu,&nbsp;postaju\u0107i najuticajniji faktor u procesu dijaloga&nbsp;&nbsp;i normalizacije.&nbsp;<\/p>\n\n\n\n<p>U cilju nepristrasnosti u procesu, organizacije ove platforme nameravaju da doprinesu procesu&nbsp;zajedni\u010dkim&nbsp;akcijama na osnovu svoje&nbsp;stru\u010dnosti, tako \u0161to&nbsp;ne\u0107e&nbsp;postati deo&nbsp;politi\u010dkih&nbsp;timova u okviru dijalogu. Organizacije potpisnice imaju za cilj da promovi\u0161u&nbsp;strukturiraniji&nbsp;i konstruktivniji javni dijalog u vezi sa procesom dijaloga i povezanim temama. Unutar funkcionisanja Platforme, one imaju za cilj da pribli\u017ee&nbsp;gra\u0111ane&nbsp;i upoznaju ih sa procesom dijaloga&nbsp;zagovaraju\u0107i&nbsp;ve\u0107e&nbsp;u\u010de\u0161\u0107e&nbsp;gra\u0111ana&nbsp;i drugih zainteresovanih strana u ovom procesu.&nbsp;&nbsp;<\/p>\n\n\n\n<p><strong>Pored M\u017dK<\/strong><strong>,&nbsp;<\/strong><strong>o<\/strong><strong>rganizacije&nbsp;<\/strong><strong>osniva\u010di<\/strong><strong>&nbsp;<\/strong><strong>p<\/strong><strong>latforme<\/strong><strong>&nbsp;su<\/strong><strong>:&nbsp;<\/strong>&nbsp;<\/p>\n\n\n\n<ul class=\"wp-block-list\"><li>Demokratija za razvoj (D4D)\u00a0<\/li><li>Kosovska fondacija za otvoreno dru\u0161tvo (KFOS)\u00a0<\/li><li>Fond za humanitarno pravo (HLC)\u00a0<\/li><li>Nova socijalna inicijativa (NSI)\u00a0<\/li><li>Kosovski demokratski institut (KDI)\u00a0<\/li><li> Pri\u0161tinski institut za\u00a0politi\u010dke\u00a0studije (PIPS)\u00a0<\/li><li>Kosovski institut za istra\u017eivanje i razvoj politika (KIPRED)\u00a0<\/li><li>Inicijativa mladih za ljudska prava (YIHR)\u00a0<\/li><li>NVO \u201eAktiv\u201c\u00a0<\/li><li>NVO prilika (MDA) <\/li><li> Mre\u017ea \u017eena Kosova (M\u017dK)\u00a0<\/li><li>S\u2019BUNKER\u00a0<\/li><li>Donika\u00a0Emini.\u00a0 <\/li><\/ul>\n\n\n\n<p>Vi\u0161e o ovoj platformi mo\u017eete pro\u010ditati&nbsp;&nbsp;<a href=\"http:\/\/kdi-kosova.org\/aktivitetet\/deklarate-per-themelimin-e-platformes-te-shoqerise-civile-per-dialogun\/?fbclid=IwAR1rDP-l4V1CpVQeC0WfSXeYz_4ay4oqtUVT_hdAHg0xVXSVKLO4QzaYG5o\" target=\"_blank\" rel=\"noreferrer noopener\">OVDE<\/a>.&nbsp;&nbsp;<\/p>\n","protected":false},"excerpt":{"rendered":"<p>\u00a9KDI Mre\u017ea \u017eena Kosova&nbsp;(M\u017dK)&nbsp;jedna je od organizacija civilnog dru\u0161tva koje su uspostavile zajedni\u010dku platformu&nbsp;za saradnju i koordinaciju&nbsp;NVO-a&nbsp;na Kosovu,&nbsp;koje su razvile i razvijaju ekspertizu u oblasti dijaloga izme\u0111u Kosova i Srbije.&nbsp;&nbsp; Ova platforma je uspostavljena u cilju promovisanja&nbsp;transparentnosti, odgovornosti i&nbsp;inkluzivnosti,&nbsp;predstavnici civilnog dru\u0161tva imaju za cilj da ostvare&nbsp;proaktiviniju&nbsp;i organizovaniju ulogu,&nbsp;postaju\u0107i najuticajniji faktor u procesu dijaloga&nbsp;&nbsp;i normalizacije.&nbsp; U [&hellip;]<\/p>\n","protected":false},"author":7,"featured_media":3347115,"comment_status":"closed","ping_status":"closed","sticky":false,"template":"","format":"standard","meta":{"_FSMCFIC_featured_image_caption":"","_FSMCFIC_featured_image_nocaption":"","_FSMCFIC_featured_image_hide":"","footnotes":""},"categories":[59],"tags":[],"class_list":["post-3347120","post","type-post","status-publish","format-standard","has-post-thumbnail","hentry","category-vesti"],"acf":[],"_links":{"self":[{"href":"https:\/\/womensnetwork.org\/sr\/wp-json\/wp\/v2\/posts\/3347120","targetHints":{"allow":["GET"]}}],"collection":[{"href":"https:\/\/womensnetwork.org\/sr\/wp-json\/wp\/v2\/posts"}],"about":[{"href":"https:\/\/womensnetwork.org\/sr\/wp-json\/wp\/v2\/types\/post"}],"author":[{"embeddable":true,"href":"https:\/\/womensnetwork.org\/sr\/wp-json\/wp\/v2\/users\/7"}],"replies":[{"embeddable":true,"href":"https:\/\/womensnetwork.org\/sr\/wp-json\/wp\/v2\/comments?post=3347120"}],"version-history":[{"count":3,"href":"https:\/\/womensnetwork.org\/sr\/wp-json\/wp\/v2\/posts\/3347120\/revisions"}],"predecessor-version":[{"id":3347123,"href":"https:\/\/womensnetwork.org\/sr\/wp-json\/wp\/v2\/posts\/3347120\/revisions\/3347123"}],"wp:featuredmedia":[{"embeddable":true,"href":"https:\/\/womensnetwork.org\/sr\/wp-json\/wp\/v2\/media\/3347115"}],"wp:attachment":[{"href":"https:\/\/womensnetwork.org\/sr\/wp-json\/wp\/v2\/media?parent=3347120"}],"wp:term":[{"taxonomy":"category","embeddable":true,"href":"https:\/\/womensnetwork.org\/sr\/wp-json\/wp\/v2\/categories?post=3347120"},{"taxonomy":"post_tag","embeddable":true,"href":"https:\/\/womensnetwork.org\/sr\/wp-json\/wp\/v2\/tags?post=3347120"}],"curies":[{"name":"wp","href":"https:\/\/api.w.org\/{rel}","templated":true}]}}