{"id":3350059,"date":"2021-05-27T08:42:56","date_gmt":"2021-05-27T08:42:56","guid":{"rendered":"https:\/\/womensnetwork.org\/?p=3350059"},"modified":"2021-06-02T08:43:22","modified_gmt":"2021-06-02T08:43:22","slug":"mzk-pozdravlja-izricanje-dozivotne-kazne-pajazitaju-i-poziva-na-bezkompromisnu-borbu-protiv-nasilja-nad-zenama-2","status":"publish","type":"post","link":"https:\/\/womensnetwork.org\/sr\/mzk-pozdravlja-izricanje-dozivotne-kazne-pajazitaju-i-poziva-na-bezkompromisnu-borbu-protiv-nasilja-nad-zenama-2\/","title":{"rendered":"M\u017dK pozdravlja izricanje do\u017eivotne kazne Pajazitaju i poziva na bezkompromisnu borbu protiv nasilja nad \u017eenama"},"content":{"rendered":"\n<p>Kroz ovo saop\u0161tenje za medije, Mre\u017ea \u017eena Kosova (M\u017dK) pozdravlja <a href=\"https:\/\/betimiperdrejtesi.com\/naser-pajazitaj-denohet-me-burgim-te-perjetshem-per-vrasjen-e-donjeta-pajazitajt\/?fbclid=IwAR3E0qNKSIHXv252m21P0PnvIC-1Zbb4osYeikO_XyNDBvSWkNoRc1bKuyw\">dana<\/a>\u0161nju odluku Osnovnog suda u Uro\u0161evcu, &nbsp;kojom\nje Naser Pajazitaj osu\u0111en na do\u017eivotni zatvor zbog ubistva njegove ro\u0111ake Donjete\nPajazitaj, novembra 2015. godine.<\/p>\n\n\n\n<p>Od ubistva Donjete Pajazitaj, M\u017dK je neprekidno \u010dinila napore da se\ndonese pravda i ubica dobije kaznu koju zaslu\u017euje. <\/p>\n\n\n\n<p>M\u017dK, koja predstavlja 158 organizacija \u010dlanica sa celog Kosova, <a href=\"https:\/\/kallxo.com\/shkurt\/rrjeti-i-grave-te-kosoves-proteston-per-te-kerkuar-drejtesi-per-donjeta-pajazitin\/\">protestvovala je<\/a> zahtevaju\u0107i pravdu u ovom slu\u010daju i u vi\u0161e\nnavrata je pozivala institucije na adekvatan odgovor iz razloga \u0161to je Osnovni\nsud u Pe\u0107i u martu 2018. godine prvobitno oslobodio optu\u017eenog Pajazitaja. <\/p>\n\n\n\n<p>Bivaju\u0107i svedoci uznemiruju\u0107eg broja slu\u010dajeva fizi\u010dkog i\nseksualnog nasilja nad \u017eenama u poslednje vreme, odluke poput ove donose tra\u010dak\nnade da se nasilje i ubistva \u017eena ka\u017enjavaju bez kompromisa i bez ijednog\nopravdanja. <\/p>\n\n\n\n<p>Podse\u0107amo da je na\u0161 najnoviji istra\u017eiva\u010dki\nizve\u0161taj \u201eOd zakona u akciju\u201c, izme\u0111u ostalog, jo\u0161 jednom istakao da su kazne\npo\u010dinilaca rodno zasnovanog nasilja niske, da postoji tendencija da se \u201eokrivljuje\n\u017ertva\u201c, i da policijski slu\u017ebenici pre upu\u0107uju \u017ertve u skloni\u0161ta nego \u0161to\npokre\u0107u kazneni postupak protiv po\u010dinioca nasilja. <\/p>\n\n\n\n<p>Kompletan izve\u0161taj mo\u017eete pro\u010ditati <a href=\"https:\/\/womensnetwork.org\/sq\/publications\/nga-ligjet-ne-vepra\/\">OVDE<\/a>.<\/p>\n\n\n\n<p>M\u017dK se zala\u017ee da \u0107e nastaviti sada vi\u0161edecenijske napore da prati\ninstitucionalni odgovor na rodno zasnovano nasilje, nastojanjem da spre\u010di\nnasilje nad \u017eenama, kao i da pobolj\u0161a institucionalnu i javnu podr\u0161ku osobama\nkoje su do\u017eivele nasilje.&nbsp;<\/p>\n","protected":false},"excerpt":{"rendered":"<p>Kroz ovo saop\u0161tenje za medije, Mre\u017ea \u017eena Kosova (M\u017dK) pozdravlja dana\u0161nju odluku Osnovnog suda u Uro\u0161evcu, &nbsp;kojom je Naser Pajazitaj osu\u0111en na do\u017eivotni zatvor zbog ubistva njegove ro\u0111ake Donjete Pajazitaj, novembra 2015. godine. Od ubistva Donjete Pajazitaj, M\u017dK je neprekidno \u010dinila napore da se donese pravda i ubica dobije kaznu koju zaslu\u017euje. M\u017dK, koja predstavlja [&hellip;]<\/p>\n","protected":false},"author":7,"featured_media":3348433,"comment_status":"closed","ping_status":"closed","sticky":false,"template":"","format":"standard","meta":{"_FSMCFIC_featured_image_caption":"","_FSMCFIC_featured_image_nocaption":"","_FSMCFIC_featured_image_hide":"","footnotes":""},"categories":[83],"tags":[],"class_list":["post-3350059","post","type-post","status-publish","format-standard","has-post-thumbnail","hentry","category-sapostenje-za-stampu"],"acf":[],"_links":{"self":[{"href":"https:\/\/womensnetwork.org\/sr\/wp-json\/wp\/v2\/posts\/3350059","targetHints":{"allow":["GET"]}}],"collection":[{"href":"https:\/\/womensnetwork.org\/sr\/wp-json\/wp\/v2\/posts"}],"about":[{"href":"https:\/\/womensnetwork.org\/sr\/wp-json\/wp\/v2\/types\/post"}],"author":[{"embeddable":true,"href":"https:\/\/womensnetwork.org\/sr\/wp-json\/wp\/v2\/users\/7"}],"replies":[{"embeddable":true,"href":"https:\/\/womensnetwork.org\/sr\/wp-json\/wp\/v2\/comments?post=3350059"}],"version-history":[{"count":1,"href":"https:\/\/womensnetwork.org\/sr\/wp-json\/wp\/v2\/posts\/3350059\/revisions"}],"predecessor-version":[{"id":3350060,"href":"https:\/\/womensnetwork.org\/sr\/wp-json\/wp\/v2\/posts\/3350059\/revisions\/3350060"}],"wp:featuredmedia":[{"embeddable":true,"href":"https:\/\/womensnetwork.org\/sr\/wp-json\/wp\/v2\/media\/3348433"}],"wp:attachment":[{"href":"https:\/\/womensnetwork.org\/sr\/wp-json\/wp\/v2\/media?parent=3350059"}],"wp:term":[{"taxonomy":"category","embeddable":true,"href":"https:\/\/womensnetwork.org\/sr\/wp-json\/wp\/v2\/categories?post=3350059"},{"taxonomy":"post_tag","embeddable":true,"href":"https:\/\/womensnetwork.org\/sr\/wp-json\/wp\/v2\/tags?post=3350059"}],"curies":[{"name":"wp","href":"https:\/\/api.w.org\/{rel}","templated":true}]}}