{"id":3351029,"date":"2021-08-05T12:54:19","date_gmt":"2021-08-05T12:54:19","guid":{"rendered":"https:\/\/womensnetwork.org\/?p=3351029"},"modified":"2021-09-01T12:56:36","modified_gmt":"2021-09-01T12:56:36","slug":"clanice-mzk-razgovaraju-o-sadrzaju-direktive-eu-o-ravnotezi-izmedju-poslovnog-i-privatnog-zivota-i-radnim-mestima-prijateljski-nastrojenim-prema-porodici","status":"publish","type":"post","link":"https:\/\/womensnetwork.org\/sr\/clanice-mzk-razgovaraju-o-sadrzaju-direktive-eu-o-ravnotezi-izmedju-poslovnog-i-privatnog-zivota-i-radnim-mestima-prijateljski-nastrojenim-prema-porodici\/","title":{"rendered":"\u010clanice M\u017dK razgovaraju o sadr\u017eaju Direktive EU o ravnote\u017ei izme\u0111u poslovnog i privatnog \u017eivota i radnim mestima prijateljski nastrojenim prema porodici"},"content":{"rendered":"\n<p>Danas, 5. avgusta, Mre\u017ea \u017eena Kosova (M\u017dK)\norganizovala je radionicu sa \u010dlanicama M\u017dK-a koje su se prijavile na poziv\nFonda \u017eena Kosova da rade na uvo\u0111enju i sprovo\u0111enju Direktive EU o ravnote\u017ei\nizme\u0111u poslovnog i privatnog \u017eivota na Kosovu.<\/p>\n\n\n\n<p>U\u010desnice su razgovarale o sadr\u017eaju Direktive EU o\nravnote\u017ei izme\u0111u poslovnog i privatnog \u017eivota i strategijama za rad sa\nposlodavcima na osmi\u0161ljavanju politika prijateljski nastrojenim prema porodici\nkoje bi zaposlenima omogu\u0107ile bolju ravnote\u017eu izme\u0111u poslovnog i privatnog\n\u017eivota, kako je predvi\u0111eno ovom Direktivom EU. <\/p>\n\n\n\n<p>Dokazi zaista ukazuju na to da uspostavljanje politika\u00a0 prilago\u0111ene porodici na radnom mestu mo\u017ee doprineti pove\u0107anom zapo\u0161ljavanju \u017eena, vi\u0161e vremena mu\u0161karcima sa svojom decom i direktno ekonomskom razvoju zemlje kroz pove\u0107ano zapo\u0161ljavanje \u017eena i uspe\u0161nije kompanije.\u00a0 <\/p>\n\n\n\n<figure class=\"wp-block-image\"><img decoding=\"async\" src=\"https:\/\/womensnetwork.org\/wp-content\/uploads\/2021\/08\/IMG_4248-1024x683.jpg\" alt=\"This image has an empty alt attribute; its file name is IMG_4248-1024x683.jpg\"\/><\/figure>\n\n\n\n<p>Aktivistkinje planiraju da koriste ove ve\u0161tine\nste\u010dene tokom ove radionice za podr\u0161ku poslodavcima na Kosovu u pobolj\u0161anju\nnjihovih unutra\u0161njih politika i praksi kako bi zaposleni mogli bolje da usklade\nposlovni i privatni \u017eivot. <\/p>\n\n\n\n<p>Kaljtrina Velji\u0107i, predstavnica NVO Drug\u00ebza,\nnaglasila je da je lokalna saradnja veoma va\u017ena za postizanje ravnote\u017ee izme\u0111u\nposlovnog i privatnog \u017eivota i za stvaranje radnih mesta prilago\u0111enih porodici.\n<\/p>\n\n\n\n<p>\u201eMoramo da koristimo direkcije u na\u0161im op\u0161tinama\ni odbornice koje mogu pru\u017eiti podr\u0161ku u unapre\u0111enju ovih strategija kako bi se\nposlodavci anga\u017eovali&nbsp; i sprovela\nDirektiva EU o ravnote\u017ei izme\u0111u poslovnog i privatnog \u017eivota\u201c rekla je ona.<\/p>\n\n\n\n<p>U\u010desnice su razgovarale o o\u010dinskom odsustvu, radu od ku\u0107e, fleksibilnosti za majke koje doje, podsticajima poslodavaca za o\u010deve i prostorima za brigu o deci na poslu, izme\u0111u ostalih potencijalnih politika koje bi poslodavci mogli uvesti.<\/p>\n\n\n\n<figure class=\"wp-block-image\"><img decoding=\"async\" src=\"https:\/\/womensnetwork.org\/wp-content\/uploads\/2021\/08\/IMG_4270-1-1024x683.jpg\" alt=\"This image has an empty alt attribute; its file name is IMG_4270-1-1024x683.jpg\"\/><\/figure>\n\n\n\n<p>One su\nrazgovarale o pozitivnim primerima kompanija koje su ve\u0107\u0301 stvorile takve\npolitike.<\/p>\n\n\n\n<p>\u201eOva\nradionica mi je pomogla da nau\u010dim vi\u0161e o onome \u0161to mo\u017eemo nazvati radnim\nmestima prijateljski nastrojenim prema porodici i da bismo ove prakse trebali\n\u0161to pre uvesti i u na\u0161u zemlju\u201c, rekla je jedna od predstavnica organizacija.<\/p>\n\n\n\n<p>Ovu\nradionicu podr\u017eava UNFPA Kosovo u okviru regionalne inicijative koju finansira\nAustrijska agencija za razvoj.<\/p>\n","protected":false},"excerpt":{"rendered":"<p>Danas, 5. avgusta, Mre\u017ea \u017eena Kosova (M\u017dK) organizovala je radionicu sa \u010dlanicama M\u017dK-a koje su se prijavile na poziv Fonda \u017eena Kosova da rade na uvo\u0111enju i sprovo\u0111enju Direktive EU o ravnote\u017ei izme\u0111u poslovnog i privatnog \u017eivota na Kosovu. U\u010desnice su razgovarale o sadr\u017eaju Direktive EU o ravnote\u017ei izme\u0111u poslovnog i privatnog \u017eivota i strategijama [&hellip;]<\/p>\n","protected":false},"author":9,"featured_media":3350810,"comment_status":"closed","ping_status":"closed","sticky":false,"template":"","format":"standard","meta":{"_FSMCFIC_featured_image_caption":"","_FSMCFIC_featured_image_nocaption":"","_FSMCFIC_featured_image_hide":"","footnotes":""},"categories":[59],"tags":[],"class_list":["post-3351029","post","type-post","status-publish","format-standard","has-post-thumbnail","hentry","category-vesti"],"acf":[],"_links":{"self":[{"href":"https:\/\/womensnetwork.org\/sr\/wp-json\/wp\/v2\/posts\/3351029","targetHints":{"allow":["GET"]}}],"collection":[{"href":"https:\/\/womensnetwork.org\/sr\/wp-json\/wp\/v2\/posts"}],"about":[{"href":"https:\/\/womensnetwork.org\/sr\/wp-json\/wp\/v2\/types\/post"}],"author":[{"embeddable":true,"href":"https:\/\/womensnetwork.org\/sr\/wp-json\/wp\/v2\/users\/9"}],"replies":[{"embeddable":true,"href":"https:\/\/womensnetwork.org\/sr\/wp-json\/wp\/v2\/comments?post=3351029"}],"version-history":[{"count":1,"href":"https:\/\/womensnetwork.org\/sr\/wp-json\/wp\/v2\/posts\/3351029\/revisions"}],"predecessor-version":[{"id":3351030,"href":"https:\/\/womensnetwork.org\/sr\/wp-json\/wp\/v2\/posts\/3351029\/revisions\/3351030"}],"wp:featuredmedia":[{"embeddable":true,"href":"https:\/\/womensnetwork.org\/sr\/wp-json\/wp\/v2\/media\/3350810"}],"wp:attachment":[{"href":"https:\/\/womensnetwork.org\/sr\/wp-json\/wp\/v2\/media?parent=3351029"}],"wp:term":[{"taxonomy":"category","embeddable":true,"href":"https:\/\/womensnetwork.org\/sr\/wp-json\/wp\/v2\/categories?post=3351029"},{"taxonomy":"post_tag","embeddable":true,"href":"https:\/\/womensnetwork.org\/sr\/wp-json\/wp\/v2\/tags?post=3351029"}],"curies":[{"name":"wp","href":"https:\/\/api.w.org\/{rel}","templated":true}]}}