{"id":3354160,"date":"2022-03-30T09:15:00","date_gmt":"2022-03-30T09:15:00","guid":{"rendered":"https:\/\/womensnetwork.org\/?p=3354160"},"modified":"2022-04-14T09:15:31","modified_gmt":"2022-04-14T09:15:31","slug":"kvgk-nastavlja-da-se-zalaze-za-poboljsanje-blagostanja-slepih-zena-i-devojaka","status":"publish","type":"post","link":"https:\/\/womensnetwork.org\/sr\/kvgk-nastavlja-da-se-zalaze-za-poboljsanje-blagostanja-slepih-zena-i-devojaka\/","title":{"rendered":"KVGK nastavlja da se zala\u017ee za pobolj\u0161anje blagostanja slepih \u017eena i devojaka"},"content":{"rendered":"\n<p>Predstavnice organizacije \u010dlanice Mre\u017ee \u017eena Kosova (M\u017dK), Komiteta slepih \u017eena Kosova (KS\u017dK), odr\u017eale su 30. marta sastanak sa Tre\u0107om potpredsednicom Vlade za manjine i ljudska prava, Emilijom Red\u017eepi, i tim povodom su razgovarale o temama koje uti\u010du na blagostanje slepih i slabovidih \u017eena i devojaka na Kosovu.\u00a0<\/p>\n\n\n\n<p>Tokom sastanka, KS\u017dK je izrazio zabrinutost zbog nedostatka institucionalne podr\u0161ke za ovu kategoriju.&nbsp;<\/p>\n\n\n\n<p>Me\u0111u preporukama KS\u017dK-a za pobolj\u0161anje uslova za slepe i slabovide \u017eene i devoj\u010dice su:&nbsp;<\/p>\n\n\n\n<ul class=\"wp-block-list\"><li>Da novi nacrt zakona predvidi mogu\u0107nost da slepe \u017eene i devojke imaju pristup obrazovanju, vaspitanju i socijalnoj inkluziji, te da ne budu dva puta diskriminisane na osnovu ograni\u010dene sposobnosti kao i na osnovu pola;&nbsp;<\/li><li>Da se uklju\u010di vi\u0161e organizacija, kao radnih grupa za zakone koji uti\u010du na interese slepih i slabovidih, posebno slepih \u017eena i devojaka;&nbsp;<\/li><li>Slepa lica i njihovi pratioci da budu oslobo\u0111eni pla\u0107anja karte u gradskom i me\u0111ugradskom saobra\u0107aju.&nbsp;<\/li><\/ul>\n\n\n\n<p>Red\u017eepi je izrazila spremnost za saradnju u vezi sa re\u0161avanjem ovih zahteva kao i kontinuiranom komunikacijom radi pove\u0107anja blagostanja slepih \u017eena i devojaka na Kosovu.&nbsp;<\/p>\n\n\n\n<p>Ovaj sastanak je nastavak aktivnosti koje KS\u017dK preduzima zahvaljuju\u0107i podr\u0161ci dobijenoj u 16. rundi Fonda \u017eena Kosova (F\u017dK), koji je po prvi put pru\u017eio organizacionu podr\u0161ku organizacijama \u010dlanicama, finansiran od strane <strong>Sigrid Rausing Trusta.<\/strong>&nbsp;<\/p>\n","protected":false},"excerpt":{"rendered":"<p>Predstavnice organizacije \u010dlanice Mre\u017ee \u017eena Kosova (M\u017dK), Komiteta slepih \u017eena Kosova (KS\u017dK), odr\u017eale su 30. marta sastanak sa Tre\u0107om potpredsednicom Vlade za manjine i ljudska prava, Emilijom Red\u017eepi, i tim povodom su razgovarale o temama koje uti\u010du na blagostanje slepih i slabovidih \u017eena i devojaka na Kosovu.\u00a0 Tokom sastanka, KS\u017dK je izrazio zabrinutost zbog nedostatka [&hellip;]<\/p>\n","protected":false},"author":7,"featured_media":3354137,"comment_status":"closed","ping_status":"closed","sticky":false,"template":"","format":"standard","meta":{"_FSMCFIC_featured_image_caption":"","_FSMCFIC_featured_image_nocaption":"","_FSMCFIC_featured_image_hide":"","footnotes":""},"categories":[59],"tags":[],"class_list":["post-3354160","post","type-post","status-publish","format-standard","has-post-thumbnail","hentry","category-vesti"],"acf":[],"_links":{"self":[{"href":"https:\/\/womensnetwork.org\/sr\/wp-json\/wp\/v2\/posts\/3354160","targetHints":{"allow":["GET"]}}],"collection":[{"href":"https:\/\/womensnetwork.org\/sr\/wp-json\/wp\/v2\/posts"}],"about":[{"href":"https:\/\/womensnetwork.org\/sr\/wp-json\/wp\/v2\/types\/post"}],"author":[{"embeddable":true,"href":"https:\/\/womensnetwork.org\/sr\/wp-json\/wp\/v2\/users\/7"}],"replies":[{"embeddable":true,"href":"https:\/\/womensnetwork.org\/sr\/wp-json\/wp\/v2\/comments?post=3354160"}],"version-history":[{"count":1,"href":"https:\/\/womensnetwork.org\/sr\/wp-json\/wp\/v2\/posts\/3354160\/revisions"}],"predecessor-version":[{"id":3354161,"href":"https:\/\/womensnetwork.org\/sr\/wp-json\/wp\/v2\/posts\/3354160\/revisions\/3354161"}],"wp:featuredmedia":[{"embeddable":true,"href":"https:\/\/womensnetwork.org\/sr\/wp-json\/wp\/v2\/media\/3354137"}],"wp:attachment":[{"href":"https:\/\/womensnetwork.org\/sr\/wp-json\/wp\/v2\/media?parent=3354160"}],"wp:term":[{"taxonomy":"category","embeddable":true,"href":"https:\/\/womensnetwork.org\/sr\/wp-json\/wp\/v2\/categories?post=3354160"},{"taxonomy":"post_tag","embeddable":true,"href":"https:\/\/womensnetwork.org\/sr\/wp-json\/wp\/v2\/tags?post=3354160"}],"curies":[{"name":"wp","href":"https:\/\/api.w.org\/{rel}","templated":true}]}}