{"id":3354263,"date":"2022-04-20T08:15:00","date_gmt":"2022-04-20T08:15:00","guid":{"rendered":"https:\/\/womensnetwork.org\/?p=3354263"},"modified":"2022-05-05T08:16:36","modified_gmt":"2022-05-05T08:16:36","slug":"norma-nastavlja-aktivnosti-za-osnazivanje-zena-zahvaljujuci-organizacionoj-podrsci-fzk","status":"publish","type":"post","link":"https:\/\/womensnetwork.org\/sr\/norma-nastavlja-aktivnosti-za-osnazivanje-zena-zahvaljujuci-organizacionoj-podrsci-fzk\/","title":{"rendered":"NORMA nastavlja aktivnosti za osna\u017eivanje \u017eena, zahvaljujuc\u0301i organizacionoj podr\u0161ci F\u017dK"},"content":{"rendered":"\n<p>Organizacija \u010dlanica Mre\u017ee \u017eena Kosova (M\u017dK), Udru\u017eenje pravnika Norma, odr\u017eala je 20. aprila radionicu sa \u010dlanicama Op\u0161tinske organizacije penzionera i invalida rada.<\/p>\n\n\n\n<p>Ukupno 19 \u017eena je bilo \u0161iroko informisano o svojim pravima po zakonu i mogu\u0107nostima njihove za\u0161tite, kao i o borbi i spre\u010davanju rodno zasnovanog nasilja.<\/p>\n\n\n\n<p>Predava\u010dica Ariana \u0106osaj-Mustafa, pravnica, upoznala je prisutne sa doma\u0107im i me\u0111unarodnim pravnim okvirom.<\/p>\n\n\n\n<p>Ona je iznela neke od najva\u017enijih \u010dlanova Zakona o za\u0161titi od nasilja u porodici, sa posebnim naglaskom na naloge za za\u0161titu, kao i na institucije u kojima \u017ertva treba da potra\u017ei pomo\u0107 u slu\u010daju do\u017eivljavanja nasilja.<\/p>\n\n\n\n<p>Ova aktivnost se sprovodi zahvaljuju\u0107i organizacionoj podr\u0161ci iz 16. kruga Fonda \u017eena Kosova (F\u017dK)Mre\u017ee \u017eena Kosova (M\u017dK), uz finansijsku podr\u0161ku <strong>Sigrid Rausing Trust.<\/strong><\/p>\n","protected":false},"excerpt":{"rendered":"<p>Organizacija \u010dlanica Mre\u017ee \u017eena Kosova (M\u017dK), Udru\u017eenje pravnika Norma, odr\u017eala je 20. aprila radionicu sa \u010dlanicama Op\u0161tinske organizacije penzionera i invalida rada. Ukupno 19 \u017eena je bilo \u0161iroko informisano o svojim pravima po zakonu i mogu\u0107nostima njihove za\u0161tite, kao i o borbi i spre\u010davanju rodno zasnovanog nasilja. Predava\u010dica Ariana \u0106osaj-Mustafa, pravnica, upoznala je prisutne sa [&hellip;]<\/p>\n","protected":false},"author":9,"featured_media":3354223,"comment_status":"closed","ping_status":"closed","sticky":false,"template":"","format":"standard","meta":{"_FSMCFIC_featured_image_caption":"","_FSMCFIC_featured_image_nocaption":"","_FSMCFIC_featured_image_hide":"","footnotes":""},"categories":[59],"tags":[],"class_list":["post-3354263","post","type-post","status-publish","format-standard","has-post-thumbnail","hentry","category-vesti"],"acf":[],"_links":{"self":[{"href":"https:\/\/womensnetwork.org\/sr\/wp-json\/wp\/v2\/posts\/3354263","targetHints":{"allow":["GET"]}}],"collection":[{"href":"https:\/\/womensnetwork.org\/sr\/wp-json\/wp\/v2\/posts"}],"about":[{"href":"https:\/\/womensnetwork.org\/sr\/wp-json\/wp\/v2\/types\/post"}],"author":[{"embeddable":true,"href":"https:\/\/womensnetwork.org\/sr\/wp-json\/wp\/v2\/users\/9"}],"replies":[{"embeddable":true,"href":"https:\/\/womensnetwork.org\/sr\/wp-json\/wp\/v2\/comments?post=3354263"}],"version-history":[{"count":1,"href":"https:\/\/womensnetwork.org\/sr\/wp-json\/wp\/v2\/posts\/3354263\/revisions"}],"predecessor-version":[{"id":3354264,"href":"https:\/\/womensnetwork.org\/sr\/wp-json\/wp\/v2\/posts\/3354263\/revisions\/3354264"}],"wp:featuredmedia":[{"embeddable":true,"href":"https:\/\/womensnetwork.org\/sr\/wp-json\/wp\/v2\/media\/3354223"}],"wp:attachment":[{"href":"https:\/\/womensnetwork.org\/sr\/wp-json\/wp\/v2\/media?parent=3354263"}],"wp:term":[{"taxonomy":"category","embeddable":true,"href":"https:\/\/womensnetwork.org\/sr\/wp-json\/wp\/v2\/categories?post=3354263"},{"taxonomy":"post_tag","embeddable":true,"href":"https:\/\/womensnetwork.org\/sr\/wp-json\/wp\/v2\/tags?post=3354263"}],"curies":[{"name":"wp","href":"https:\/\/api.w.org\/{rel}","templated":true}]}}