{"id":3354266,"date":"2022-04-15T08:17:00","date_gmt":"2022-04-15T08:17:00","guid":{"rendered":"https:\/\/womensnetwork.org\/?p=3354266"},"modified":"2022-05-05T08:19:19","modified_gmt":"2022-05-05T08:19:19","slug":"mzk-osudjuje-matosijev-diskriminatorski-i-seksisticki-jezik","status":"publish","type":"post","link":"https:\/\/womensnetwork.org\/sr\/mzk-osudjuje-matosijev-diskriminatorski-i-seksisticki-jezik\/","title":{"rendered":"M\u017dK osu\u0111uje Mato\u0161ijev diskriminatorski i seksisti\u010dki jezik"},"content":{"rendered":"\n<p>Kroz ovo saop\u0161tenje za medije, Mre\u017ea \u017eena Kosova (M\u017dK) ponovo poziva na okon\u010danje diskriminatornog, seksisti\u010dkog i mizoginog jezika protiv \u017eena u politici i dono\u0161enju odluka.<\/p>\n\n\n\n<p>Politi\u010dki analiti\u010dar, Haljilj Mato\u0161i, se &nbsp;<a href=\"https:\/\/insajderi.org\/halil-matoshi-arberie-nagavci-eshte-budallice\/\">u televizijskog debati na Kanalu 10<\/a> obratio ministarki obrazovanja, nauke i tehnologije i inovacija Arberiji Nagavci diskriminatorskim jezikom.<\/p>\n\n\n\n<p>Mato\u0161ijev jezik treba osuditi i kao takav nije mu nigde mesto, a jo\u0161 manje na televiziji, medijima i javnim debatama. Diskriminatorski jezik prema \u017eenama od strane mu\u0161karaca se koristi samo zbog \u010dinjenice \u0161to su \u017eene i \u0161to su na odlu\u010duju\u0107im pozicijama. Kao takve, ove uvrede ne samo da se ne poklapaju sa radom i dostignu\u0107ima \u017eena, ve\u0107 pogre\u0161no u\u010dvr\u0161\u0107uju uverenje da \u017eene u politici nisu dovoljno sposobne za polo\u017eaje na kojima se nalaze.<\/p>\n\n\n\n<p>Ovo nije prva uvreda upu\u0107ena \u017eeni u politici. Podse\u0107amo da su se <a href=\"https:\/\/womensnetwork.org\/sq\/rrgk-shpreh-shqetesim-per-qasjen-diskriminuese-ndaj-grave-ne-vendimmarrje-ne-kosove\/\">mnoge javne li\u010dnosti <\/a>&nbsp;slu\u017eile &nbsp;istim uvredljivim, diskriminatorskim, seksisti\u010dkim i mizoginim jezikom protiv mnogo \u017eena koje se nalaze na pozicijama odlu\u010divanja, bilo na nacionalnom ili lokalnom nivou.<\/p>\n\n\n\n<p>\u017dene su i dalje &nbsp;konstruktivan deo politi\u010dkih procesa na Kosovu. Stoga, M\u017dK o\u0161tro osu\u0111uje svaki poku\u0161aj podrivanja njihove politi\u010dke uloge diskriminatorskim, seksisti\u010dkim i mizoginim delima, kao \u0161to je ovaj. Tako\u0111e, ova praksa radikalno osporava postizanje ravnopravnog, sveobuhvatnog dru\u0161tva i \u0161teti progresivnim te\u017enjama Republike Kosovo.<\/p>\n","protected":false},"excerpt":{"rendered":"<p>Kroz ovo saop\u0161tenje za medije, Mre\u017ea \u017eena Kosova (M\u017dK) ponovo poziva na okon\u010danje diskriminatornog, seksisti\u010dkog i mizoginog jezika protiv \u017eena u politici i dono\u0161enju odluka. Politi\u010dki analiti\u010dar, Haljilj Mato\u0161i, se &nbsp;u televizijskog debati na Kanalu 10 obratio ministarki obrazovanja, nauke i tehnologije i inovacija Arberiji Nagavci diskriminatorskim jezikom. Mato\u0161ijev jezik treba osuditi i kao takav [&hellip;]<\/p>\n","protected":false},"author":9,"featured_media":3346889,"comment_status":"closed","ping_status":"closed","sticky":false,"template":"","format":"standard","meta":{"_FSMCFIC_featured_image_caption":"","_FSMCFIC_featured_image_nocaption":"","_FSMCFIC_featured_image_hide":"","footnotes":""},"categories":[83],"tags":[],"class_list":["post-3354266","post","type-post","status-publish","format-standard","has-post-thumbnail","hentry","category-sapostenje-za-stampu"],"acf":[],"_links":{"self":[{"href":"https:\/\/womensnetwork.org\/sr\/wp-json\/wp\/v2\/posts\/3354266","targetHints":{"allow":["GET"]}}],"collection":[{"href":"https:\/\/womensnetwork.org\/sr\/wp-json\/wp\/v2\/posts"}],"about":[{"href":"https:\/\/womensnetwork.org\/sr\/wp-json\/wp\/v2\/types\/post"}],"author":[{"embeddable":true,"href":"https:\/\/womensnetwork.org\/sr\/wp-json\/wp\/v2\/users\/9"}],"replies":[{"embeddable":true,"href":"https:\/\/womensnetwork.org\/sr\/wp-json\/wp\/v2\/comments?post=3354266"}],"version-history":[{"count":1,"href":"https:\/\/womensnetwork.org\/sr\/wp-json\/wp\/v2\/posts\/3354266\/revisions"}],"predecessor-version":[{"id":3354267,"href":"https:\/\/womensnetwork.org\/sr\/wp-json\/wp\/v2\/posts\/3354266\/revisions\/3354267"}],"wp:featuredmedia":[{"embeddable":true,"href":"https:\/\/womensnetwork.org\/sr\/wp-json\/wp\/v2\/media\/3346889"}],"wp:attachment":[{"href":"https:\/\/womensnetwork.org\/sr\/wp-json\/wp\/v2\/media?parent=3354266"}],"wp:term":[{"taxonomy":"category","embeddable":true,"href":"https:\/\/womensnetwork.org\/sr\/wp-json\/wp\/v2\/categories?post=3354266"},{"taxonomy":"post_tag","embeddable":true,"href":"https:\/\/womensnetwork.org\/sr\/wp-json\/wp\/v2\/tags?post=3354266"}],"curies":[{"name":"wp","href":"https:\/\/api.w.org\/{rel}","templated":true}]}}