{"id":3354987,"date":"2022-07-05T10:52:18","date_gmt":"2022-07-05T10:52:18","guid":{"rendered":"https:\/\/womensnetwork.org\/?p=3354987"},"modified":"2022-07-05T10:52:20","modified_gmt":"2022-07-05T10:52:20","slug":"studenti-iz-amsterdama-cene-aktivizam-mzk-a-2","status":"publish","type":"post","link":"https:\/\/womensnetwork.org\/sr\/studenti-iz-amsterdama-cene-aktivizam-mzk-a-2\/","title":{"rendered":"Studenti iz Amsterdama cene aktivizam M\u017dK-a"},"content":{"rendered":"\n<p>U petak, 17. juna, Adeljina Beri\u0161a, direktorka programa protiv rodno zasnovanog nasilja, M\u017dK, i Besarta Breznica, koordinatorka M\u017dK-a programa protiv rodno zasnovanog nasilja sastale su se sa studentima Univerzitetskog koled\u017ea u Amsterdamu, Holandiji.<\/p>\n\n\n\n<p>Na ovom tradicionalnom sastanku, Beri\u0161a je govorila o istoriji pokreta za prava \u017eena na Kosovu, radu M\u017dK-a od njenog osnivanja i \u0161est glavnih programa M\u017dK-a.<\/p>\n\n\n\n<p>Studenti su bili zainteresovani da se blisko upoznaju sa radom M\u017dK-a, iskustvima aktivistkinja za prava \u017eena na Kosovu, situacijom na Kosovu, rodno zasnovanim nasiljem i \u017ertvama seksualnog nasilja tokom rata.<\/p>\n\n\n\n<p>Beri\u0161a je rekla \u201ene verujemo da \u0107e zlostavljane \u017eene biti mirne i da \u0107e pravda pobediti sve dok dr\u017eava ne prizna \u0161ta se dogodilo.\u201c<\/p>\n\n\n\n<figure class=\"wp-block-image\"><img decoding=\"async\" src=\"https:\/\/womensnetwork.org\/wp-content\/uploads\/2022\/06\/2-3-1024x768.jpg\" alt=\"\"\/><\/figure>\n\n\n\n<p>Ona je rekla da se M\u017dK zalagala za rodnu perspektivu. Me\u0111utim, prema njenim re\u010dima, dijalog se uvek vr\u0161i izme\u0111u mu\u0161karaca \u00a0i sa tehni\u010dkih aspekata. \u201eO ljudskim aspektima koji se ti\u010du nas kao \u017eena se ne raspravlja\u201c.  <\/p>\n\n\n\n<p>Studenti su obave\u0161teni da M\u017dK daje preporuke koje su u skladu sa najboljim me\u0111unarodnim praksama koje treba uklju\u010diti u kosovsko zakonodavstvo. Tako\u0111e, na osnovu preporuka M\u017dK-a, bilo je mogu\u0107e kriminalizovati&nbsp; neke oblike rodno zasnovanog nasilja kao \u0161to su seksualno nasilje i seksualno uznemiravanje.<\/p>\n\n\n\n<p>Osoblje M\u017dK-a je obavestilo studente o brojnim kampanjama podizanja svesti, napominju\u0107i da \u017eene vi\u0161e prijavljuju nasilje zahvaljuju\u0107i dosada\u0161njem radu koje su NVO uradile.<\/p>\n\n\n\n<p>Studenti su cenili sastanak, videv\u0161i ga kao dragoceno iskustvo i divnu priliku da izbliza razumeju rad M\u017dK-a, kao i situaciju \u017eena na Kosovu.<\/p>\n\n\n\n<p>Studenti su istakli da solidarnost me\u0111u \u010dlanicama mre\u017ee motivi\u0161e Studenti su istakli da je solidarnost me\u0111u \u010dlanicama mre\u017ee motiviraju\u0107a i izrazili \u017eelju da sta\u017eiraju&nbsp; kako bi nau\u010dili o novim stvarima, a posebno o ulozi \u017eena u izgradnji mira.<\/p>\n\n\n\n<p>Tokom protekle tri godine, izvr\u0161na direktorka M\u017dK-a Igo Rogova razgovarala je sa studentima ovog univerziteta o pravima \u017eena i njihovom uticaju na istoriju Kosova i izgradnju mira.<\/p>\n\n\n\n<p>Pro\u010ditajte&nbsp;<a href=\"https:\/\/womensnetwork.org\/sq\/studentet-nga-amsterdami-edhe-kesaj-radhe-cmojne-kontributin-e-rrgk-se\/\" target=\"_blank\" rel=\"noreferrer noopener\">OVDE<\/a>&nbsp; vi\u0161e o poseti u 2021.godini.<\/p>\n","protected":false},"excerpt":{"rendered":"<p>U petak, 17. juna, Adeljina Beri\u0161a, direktorka programa protiv rodno zasnovanog nasilja, M\u017dK, i Besarta Breznica, koordinatorka M\u017dK-a programa protiv rodno zasnovanog nasilja sastale su se sa studentima Univerzitetskog koled\u017ea u Amsterdamu, Holandiji. Na ovom tradicionalnom sastanku, Beri\u0161a je govorila o istoriji pokreta za prava \u017eena na Kosovu, radu M\u017dK-a od njenog osnivanja i \u0161est [&hellip;]<\/p>\n","protected":false},"author":12,"featured_media":3354936,"comment_status":"closed","ping_status":"closed","sticky":false,"template":"","format":"standard","meta":{"_FSMCFIC_featured_image_caption":"","_FSMCFIC_featured_image_nocaption":"","_FSMCFIC_featured_image_hide":"","footnotes":""},"categories":[59],"tags":[],"class_list":["post-3354987","post","type-post","status-publish","format-standard","has-post-thumbnail","hentry","category-vesti"],"acf":[],"_links":{"self":[{"href":"https:\/\/womensnetwork.org\/sr\/wp-json\/wp\/v2\/posts\/3354987","targetHints":{"allow":["GET"]}}],"collection":[{"href":"https:\/\/womensnetwork.org\/sr\/wp-json\/wp\/v2\/posts"}],"about":[{"href":"https:\/\/womensnetwork.org\/sr\/wp-json\/wp\/v2\/types\/post"}],"author":[{"embeddable":true,"href":"https:\/\/womensnetwork.org\/sr\/wp-json\/wp\/v2\/users\/12"}],"replies":[{"embeddable":true,"href":"https:\/\/womensnetwork.org\/sr\/wp-json\/wp\/v2\/comments?post=3354987"}],"version-history":[{"count":1,"href":"https:\/\/womensnetwork.org\/sr\/wp-json\/wp\/v2\/posts\/3354987\/revisions"}],"predecessor-version":[{"id":3354988,"href":"https:\/\/womensnetwork.org\/sr\/wp-json\/wp\/v2\/posts\/3354987\/revisions\/3354988"}],"wp:featuredmedia":[{"embeddable":true,"href":"https:\/\/womensnetwork.org\/sr\/wp-json\/wp\/v2\/media\/3354936"}],"wp:attachment":[{"href":"https:\/\/womensnetwork.org\/sr\/wp-json\/wp\/v2\/media?parent=3354987"}],"wp:term":[{"taxonomy":"category","embeddable":true,"href":"https:\/\/womensnetwork.org\/sr\/wp-json\/wp\/v2\/categories?post=3354987"},{"taxonomy":"post_tag","embeddable":true,"href":"https:\/\/womensnetwork.org\/sr\/wp-json\/wp\/v2\/tags?post=3354987"}],"curies":[{"name":"wp","href":"https:\/\/api.w.org\/{rel}","templated":true}]}}