{"id":3355264,"date":"2022-08-30T13:37:00","date_gmt":"2022-08-30T13:37:00","guid":{"rendered":"https:\/\/womensnetwork.org\/?p=3355264"},"modified":"2022-09-02T13:39:17","modified_gmt":"2022-09-02T13:39:17","slug":"rodno-odgovorno-budzetiranje-vdk-organizuje-prvi-javni-sastanak-samo-sa-zenama","status":"publish","type":"post","link":"https:\/\/womensnetwork.org\/sr\/rodno-odgovorno-budzetiranje-vdk-organizuje-prvi-javni-sastanak-samo-sa-zenama\/","title":{"rendered":"Rodno odgovorno bud\u017eetiranje-VDK organizuje prvi javni sastanak samo sa \u017eenama\u00a0"},"content":{"rendered":"\n<p>Organizacija korisnica iz 17. kruga Fonda \u017eena Kosova (F\u017dK), Vladavina demokratije na Kosovu (VDK), organizovala je 23. avgusta javnu diskusiju o rodno odgovornom bud\u017eetiranju sa op\u0161tinskim zvani\u010dnicima, odbornicama i devojkama i \u017eenama iz op\u0161tine Podujevo.&nbsp;<\/p>\n\n\n\n<p>Zamenica predsednika op\u0161tine Podujevo, Marigona Ljahu je naglasila da je ovo prva javna rasprava koja je odr\u017eana samo sa \u017eenama.\u00a0<\/p>\n\n\n\n<figure class=\"wp-block-image\"><img decoding=\"async\" src=\"https:\/\/womensnetwork.org\/wp-content\/uploads\/2022\/09\/2-1-1024x768.jpg\" alt=\"\"\/><\/figure>\n\n\n\n<p>\u202f\u201eKao op\u0161tina smo se trudili da se fokusiramo na \u017eene, a nastavi\u0107emo i ubudu\u0107e. Me\u0111utim, potrebna nam je va\u0161a podr\u0161ka, kritike i sugestije\u201c, rekla je ona. Ove rasprave omogu\u0107avaju da planiranje bud\u017eeta odgovori i na probleme \u017eena.\u00a0<\/p>\n\n\n\n<p>\u202fFatljum Osmani, direktor Direkcije za bud\u017eet i finansije u op\u0161tini Podujevo, nakon \u0161to je prikazao op\u0161ti sa\u017eetak bud\u017eetskih podataka, rekao je da \u017eeli da saslu\u0161a zahteve i probleme gra\u0111ana kako bi op\u0161tina Podujevo imala sveobuhvatniji bud\u017eet.\u00a0<\/p>\n\n\n\n<figure class=\"wp-block-image\"><img decoding=\"async\" src=\"https:\/\/womensnetwork.org\/wp-content\/uploads\/2022\/09\/3-1-1024x768.jpg\" alt=\"\"\/><\/figure>\n\n\n\n<p>\u202f\u017dene su navele problem funkcionalizacije gradskog prevoza i povezanosti sela sa gradom Podujevom, izgradnje de\u010djih vrti\u0107a posebno na selu, pru\u017eanja ginekolo\u0161kih i onkolo\u0161kih usluga, javne rasvete i problem pasa lutalica.\u00a0<\/p>\n\n\n\n<p>Neki od gra\u0111ana tra\u017eili su podr\u0161ku i subvencije za biznise, a me\u0111u njima je nagla\u0161en i potreba za subvencijama u poljoprivredi.\u00a0\u202fOsmani je rekao da su za 2023. sredstva za poljoprivredne subvencije skoro udvostru\u010dena.\u00a0<\/p>\n\n\n\n<p>\u202f\u201eOd 430 hiljada evra, 2023. imamo 700 hiljada evra&#8230; a to normalno zna\u010di da \u0107e za mnoge \u017eene i mnoge porodice koje do sada nisu dobile nikakvu potrebnu subvenciju, sada mogu\u0107nosti biti neuporedivo ve\u0107e\u201c, rekao je on.\u00a0<\/p>\n\n\n\n<p>\u202fSa druge strane, potpredsednica Ljahu je obavestila prisutne da je Op\u0161tina Podujevo, u saradnji sa centralnim nivoom, za 2023. godinu izdvojila 165 hiljada evra za dnevni boravak za stara lica.\u00a0<\/p>\n\n\n\n<p>\u202f\u201eIma mnogo \u017eena koje ponekad ne mogu da rade jer moraju da se staraju o starim licima kod ku\u0107e, tako da od slede\u0107e godine postoji izvesno olak\u0161anje jer \u0107e ih mo\u0107i odvesti u dnevni boravak i samim tim obavljati razli\u010dite aktivnosti\u201c, rekla je Ljahu.\u00a0<\/p>\n\n\n\n<p>Zadovoljna ovom organizacijom i \u010dinjenicom da je dobila priliku da iznese svoje zahteve op\u0161tini izrazila se D\u017eemilje Hikoli iz sela \u0160ajkovce.&nbsp;<\/p>\n\n\n\n<p>\u201eOva organizacija mi se u\u010dinila jako dobrom i veoma sam zadovoljna. Ne zna\u010di da sam danas iznela zahtev i da \u0107e on biti sproveden danas, ali je najva\u017enije da se na\u0161i zahtevi iznesu i da onda realizacija ide korak po korak\u201c rekla je Hikoli koja je zatra\u017eila otvaranje vrti\u0107a u selu \u0160ajkovce.&nbsp;<\/p>\n\n\n\n<p>Ovaj sastanak je organizovan u okviru projekta \u201eJa\u010danje mehanizama za odgovorno rodno bud\u017eetiranje\u201c koji je sproveo VDK a podr\u017eao F\u017dK Mre\u017ee \u017eena Kosova (M\u017dK).&nbsp;<\/p>\n\n\n\n<p>Ova aktivnost je organizovana u okviru inicijative F\u017dK \u201eJa\u010danje kapaciteta i otpornosti OCD: Unapre\u0111enje rodne ravnopravnosti usred pandemije COVID-19\u201c, koju finansira Kancelarija Evropske unije (EU) na Kosovu.&nbsp;&nbsp;<\/p>\n","protected":false},"excerpt":{"rendered":"<p>Organizacija korisnica iz 17. kruga Fonda \u017eena Kosova (F\u017dK), Vladavina demokratije na Kosovu (VDK), organizovala je 23. avgusta javnu diskusiju o rodno odgovornom bud\u017eetiranju sa op\u0161tinskim zvani\u010dnicima, odbornicama i devojkama i \u017eenama iz op\u0161tine Podujevo.&nbsp; Zamenica predsednika op\u0161tine Podujevo, Marigona Ljahu je naglasila da je ovo prva javna rasprava koja je odr\u017eana samo sa \u017eenama.\u00a0 [&hellip;]<\/p>\n","protected":false},"author":12,"featured_media":3355188,"comment_status":"closed","ping_status":"closed","sticky":false,"template":"","format":"standard","meta":{"_FSMCFIC_featured_image_caption":"","_FSMCFIC_featured_image_nocaption":"","_FSMCFIC_featured_image_hide":"","footnotes":""},"categories":[59],"tags":[],"class_list":["post-3355264","post","type-post","status-publish","format-standard","has-post-thumbnail","hentry","category-vesti"],"acf":[],"_links":{"self":[{"href":"https:\/\/womensnetwork.org\/sr\/wp-json\/wp\/v2\/posts\/3355264","targetHints":{"allow":["GET"]}}],"collection":[{"href":"https:\/\/womensnetwork.org\/sr\/wp-json\/wp\/v2\/posts"}],"about":[{"href":"https:\/\/womensnetwork.org\/sr\/wp-json\/wp\/v2\/types\/post"}],"author":[{"embeddable":true,"href":"https:\/\/womensnetwork.org\/sr\/wp-json\/wp\/v2\/users\/12"}],"replies":[{"embeddable":true,"href":"https:\/\/womensnetwork.org\/sr\/wp-json\/wp\/v2\/comments?post=3355264"}],"version-history":[{"count":1,"href":"https:\/\/womensnetwork.org\/sr\/wp-json\/wp\/v2\/posts\/3355264\/revisions"}],"predecessor-version":[{"id":3355265,"href":"https:\/\/womensnetwork.org\/sr\/wp-json\/wp\/v2\/posts\/3355264\/revisions\/3355265"}],"wp:featuredmedia":[{"embeddable":true,"href":"https:\/\/womensnetwork.org\/sr\/wp-json\/wp\/v2\/media\/3355188"}],"wp:attachment":[{"href":"https:\/\/womensnetwork.org\/sr\/wp-json\/wp\/v2\/media?parent=3355264"}],"wp:term":[{"taxonomy":"category","embeddable":true,"href":"https:\/\/womensnetwork.org\/sr\/wp-json\/wp\/v2\/categories?post=3355264"},{"taxonomy":"post_tag","embeddable":true,"href":"https:\/\/womensnetwork.org\/sr\/wp-json\/wp\/v2\/tags?post=3355264"}],"curies":[{"name":"wp","href":"https:\/\/api.w.org\/{rel}","templated":true}]}}