{"id":3355556,"date":"2022-09-30T13:52:00","date_gmt":"2022-09-30T13:52:00","guid":{"rendered":"https:\/\/womensnetwork.org\/?p=3355556"},"modified":"2022-10-05T12:48:19","modified_gmt":"2022-10-05T12:48:19","slug":"koalicija-za-prava-zena-zagovara-kod-nemacke-vlade","status":"publish","type":"post","link":"https:\/\/womensnetwork.org\/sr\/koalicija-za-prava-zena-zagovara-kod-nemacke-vlade\/","title":{"rendered":"Koalicija za prava \u017eena zagovara kod nema\u010dke vlade"},"content":{"rendered":"\n<p>Od 19. do 23. septembra, Mre\u017ea \u017eena Kosova (M\u017dK) i Kosovski centar za rodne studije (KCRS) pridru\u017eili su se regionalnoj koaliciji organizacija za \u017eenska prava (\u017dOCD), koju predvodi Fondacija Kvinna till Kvinna, na zagovara\u010dkom putovanju u Berlin, Nema\u010dka.<\/p>\n\n\n\n<p>Tokom sastanka sa nema\u010dkim Ministarstvom spoljnih poslova, direktorka programa M\u017dK i vode\u0107a istra\u017eiva\u010dica Nikol Farnsvort zahvalila je Nema\u010dkoj na njenoj podr\u0161ci liberalizaciji viznog re\u017eima i njenom anga\u017eovanju u pronala\u017eenju trajnog, mirnog re\u0161enja za Kosovo.<\/p>\n\n\n\n<p>Ona je zatra\u017eila da nema\u010dka vlada, specijalni izaslanici i nema\u010dki ambasador redovnije konsultuju \u017dOCD u skladu sa novom feministi\u010dkom spoljnom politikom nema\u010dke vlade i Rezolucijom Saveta bezbednosti UN (RSBUN) 1325 o \u017eenama, miru i bezbednosti, ka tome da se osigura da mirovni predlozi i politi\u010dki dijalozi uklju\u010duju rodnu perspektivu. <\/p>\n\n\n\n<p>Ona je tako\u0111e istakla va\u017enost konsultovanja specijalnog izaslanika EU za dijalog Srbije i Kosova, Miroslava Laj\u010daka, sa grupama za \u017eenska prava, jer su \u017eene <a href=\"https:\/\/womensnetwork.org\/publications\/a-seat-at-the-table\/\">stalno izostavljane <\/a>&nbsp;iz procesa pregovora i dijaloga, \u0161to je suprotno zahtevima Rezolucije 1325 SBUN.<\/p>\n\n\n\n<figure class=\"wp-block-image\"><img decoding=\"async\" src=\"https:\/\/womensnetwork.org\/wp-content\/uploads\/2022\/10\/Nicole.jpeg\" alt=\"\"\/><\/figure>\n\n\n\n<p>U ime M\u017dK-a, uklju\u010duju\u0107i KCRS, ona je tako\u0111e naglasila zna\u010daj finansiranja od stranenema\u010dke vlade i pra\u0107enja repatrijacije \u017eena i mu\u0161karaca iz Nema\u010dke na Kosovo, posebno Roma, A\u0161kalija i Egip\u0107ana, po\u0161to programi reintegracije nisu uvek uzimali u obzir razli\u010dite potrebe repatriranih \u017eena, mu\u0161karaca, devojaka i de\u010daka. Nedovoljna pa\u017enja rodnom aspektu tokom ovog procesa mo\u017ee pogor\u0161ati postoje\u0107e ranjivosti, pa \u010dak i doprineti kr\u0161enju ljudskih prava i diskriminaciji bez pa\u017eljivih, dobro finansiranih programa.<\/p>\n\n\n\n<p>Maja Rai\u010devi\u0107\u0301 iz Centra za prava \u017eena u Crnoj Gori govorila o \u010dinjenici da su \u017eene, a posebno \u017dOCD, u velikoj meri izostavljene iz Berlinskog procesa i da su pripremljeni zaklju\u010dci o rodnoj ravnopravnosti razvodnjeni ili uklonjeni. <\/p>\n\n\n\n<p>Ona je zatra\u017eila od nema\u010dke vlade da uklju\u010di \u017dOCD i podr\u017ei njihove preporuke kroz ovaj politi\u010dki dijalog, uklju\u010duju\u0107i pa\u017enju na rodnu ravnopravnost u tri teme dnevnog reda energetiku, zelenu agendu i ekonomiju o kojima \u0107e se raspravljati ove jeseni.&nbsp;<\/p>\n\n\n\n<p>Koalicija se tako\u0111e sastala sa nema\u010dkim Ministarstvom za ekonomsku saradnju, koje razvija novu feministi\u010dku politiku o razvojnoj saradnji u skladu sa nema\u010dkom feministi\u010dkom spoljnom politikom. Farnsvort je podelila klju\u010dne nalaze i preporuke iz regionalne studije <a href=\"https:\/\/womensnetwork.org\/publications\/wheres-the-money-for-womens-rights\/\">Gde je novac za \u017eenska prava?<\/a>, zasnovane na anketi sa 241 razli\u010ditih \u017dOCD i 71 donatora \u0161irom Zapadnog Balkana (ZB) o trendovima finansiranja od 2014. do 2019. godine. <\/p>\n\n\n\n<p>Na osnovu ove studije i u ime koalicije \u017dOCD, preporu\u010dila je da:1) nema\u010dka vlada i EU postave jasne ciljeve finansiranja kako bi ispunili svoje obaveze u pogledu rodne ravnopravnosti u Akcionom planu EU III i Programu za \u017eene, mir i bezbednost; 2) se preispitaju nema\u010dki i posebno GIZ-ovi modaliteti ugovaranja kako bi se olak\u0161alo dugoro\u010dno ugovaranje \u017dOCD kao partnera u promenama; i 3) se obezbedi anga\u017eovanje \u017dOCD u planiranju i sprovo\u0111enju programa, priznaju\u0107i i nadokna\u0111uju\u0107i \u017dOCD za njihovu stru\u010dnost. Ona je tako\u0111e podelila preporuke iz sa\u017eetka prakti\u010dne politike koje je koalicija od 145 \u017dOCD potpisala o <a href=\"https:\/\/womensnetwork.org\/wp-content\/uploads\/2021\/12\/GEF-Position-Paper_Financing-Movements_2021.pdf\">Finansiranju feministi\u010dkog pokreta povodom Foruma \u201eGeneracija za ravnopravnost\u201c <\/a>.<\/p>\n\n\n\n<p>Delegacija se tako\u0111e sastala sa Fondom za otvoreno dru\u0161tvo (FOD) gde su razgovarali o mogu\u0107nostima za potencijalnu saradnju u novim strate\u0161kim oblastima FOD-a o evropskim integracijama, regionalnoj ekonomskoj saradnji u ZB, digitalnoj transformaciji i energetskoj tranziciji i klimi. Aktivistkinje su zatra\u017eile da FOD obezbedi da pa\u017enja ka unapre\u0111enju rodne ravnopravnosti bude integrisana u svoj rad i uvide da su grupe za \u017eenska prava stru\u010dnjaci i saveznici za to. <\/p>\n\n\n\n<p>\u0160to se ti\u010de podr\u0161ke FOD-a inicijativi Open Balkan, aktivistkinje su primetile da ne postoji poznata rodna analiza za ovu ekonomsku inicijativu o razmeni dobara preko granica i kako ona mo\u017ee druga\u010dije uticati na \u017eene i mu\u0161karce. S obzirom na to da su neke zemlje poput Kosova male, to bi moglo imati \u0161tetne efekte, posebno na najmarginalizovanije, i ovi efekti se moraju proceniti pre unapre\u0111enja ove inicijative. Inicijativa tako\u0111e zahteva ve\u0107u transparentnost u medijima kako bi se izbegle la\u017ene vesti i bolje informisali ljudi o inicijativi, rekle su aktivistkinje.<\/p>\n\n\n\n<p>Koalicija se sastala i sa \u010dlanovima Odbora nema\u010dkog parlamenta za pitanja Evropske unije, predstavnicima \u0161vedske ambasade u Nema\u010dkoj i Fondacije Heinrich Boll. Druge aktivistkinje iz Albanije, Bosne i Hercegovine, Severne Makedonije i Srbije tako\u0111e su govorili o situaciji u svojim zemljama i regionu tokom ovih sastanaka. Ovo je uklju\u010divalo zabrinutost zbog smanjenja prostora za \u017dOCD, napade na braniteljke ljudskih prava i potrebe za boljom integracijom rodne perspektive u proces pristupanja EU, izme\u0111u ostalih tema.<\/p>\n","protected":false},"excerpt":{"rendered":"<p>Od 19. do 23. septembra, Mre\u017ea \u017eena Kosova (M\u017dK) i Kosovski centar za rodne studije (KCRS) pridru\u017eili su se regionalnoj koaliciji organizacija za \u017eenska prava (\u017dOCD), koju predvodi Fondacija Kvinna till Kvinna, na zagovara\u010dkom putovanju u Berlin, Nema\u010dka. Tokom sastanka sa nema\u010dkim Ministarstvom spoljnih poslova, direktorka programa M\u017dK i vode\u0107a istra\u017eiva\u010dica Nikol Farnsvort zahvalila je [&hellip;]<\/p>\n","protected":false},"author":12,"featured_media":3355508,"comment_status":"closed","ping_status":"closed","sticky":false,"template":"","format":"standard","meta":{"_FSMCFIC_featured_image_caption":"","_FSMCFIC_featured_image_nocaption":"","_FSMCFIC_featured_image_hide":"","footnotes":""},"categories":[59],"tags":[],"class_list":["post-3355556","post","type-post","status-publish","format-standard","has-post-thumbnail","hentry","category-vesti"],"acf":[],"_links":{"self":[{"href":"https:\/\/womensnetwork.org\/sr\/wp-json\/wp\/v2\/posts\/3355556","targetHints":{"allow":["GET"]}}],"collection":[{"href":"https:\/\/womensnetwork.org\/sr\/wp-json\/wp\/v2\/posts"}],"about":[{"href":"https:\/\/womensnetwork.org\/sr\/wp-json\/wp\/v2\/types\/post"}],"author":[{"embeddable":true,"href":"https:\/\/womensnetwork.org\/sr\/wp-json\/wp\/v2\/users\/12"}],"replies":[{"embeddable":true,"href":"https:\/\/womensnetwork.org\/sr\/wp-json\/wp\/v2\/comments?post=3355556"}],"version-history":[{"count":4,"href":"https:\/\/womensnetwork.org\/sr\/wp-json\/wp\/v2\/posts\/3355556\/revisions"}],"predecessor-version":[{"id":3355568,"href":"https:\/\/womensnetwork.org\/sr\/wp-json\/wp\/v2\/posts\/3355556\/revisions\/3355568"}],"wp:featuredmedia":[{"embeddable":true,"href":"https:\/\/womensnetwork.org\/sr\/wp-json\/wp\/v2\/media\/3355508"}],"wp:attachment":[{"href":"https:\/\/womensnetwork.org\/sr\/wp-json\/wp\/v2\/media?parent=3355556"}],"wp:term":[{"taxonomy":"category","embeddable":true,"href":"https:\/\/womensnetwork.org\/sr\/wp-json\/wp\/v2\/categories?post=3355556"},{"taxonomy":"post_tag","embeddable":true,"href":"https:\/\/womensnetwork.org\/sr\/wp-json\/wp\/v2\/tags?post=3355556"}],"curies":[{"name":"wp","href":"https:\/\/api.w.org\/{rel}","templated":true}]}}