{"id":3356105,"date":"2022-10-17T12:06:00","date_gmt":"2022-10-17T12:06:00","guid":{"rendered":"https:\/\/womensnetwork.org\/?p=3356105"},"modified":"2022-11-04T12:08:59","modified_gmt":"2022-11-04T12:08:59","slug":"mzk-naglasava-potrebu-da-se-svetska-banka-konsultuje-sa-organizacijama-civilnog-drustva","status":"publish","type":"post","link":"https:\/\/womensnetwork.org\/sr\/mzk-naglasava-potrebu-da-se-svetska-banka-konsultuje-sa-organizacijama-civilnog-drustva\/","title":{"rendered":"M\u017dK nagla\u0161ava potrebu da se Svetska banka konsultuje sa organizacijama civilnog dru\u0161tva"},"content":{"rendered":"\n<p>Adeljina Tr\u0161ani, M\u017dK, tokom svog boravka u Va\u0161ingtonu gde je u\u010destvovala na godi\u0161njem sastanku &nbsp;Svetske banke (SB), odr\u017eala je sastanke sa klju\u010dnim akterima SB na Kosovu. Ona se sastala sa predsednikom Svetske banke za Kosovo i Severnu Makedoniju Masimilijanom Paolu\u010dijem, kao i sa savetnikom izvr\u0161nog direktora grupe Svetske banke Hajdarom Korbijem.<br><br>Tokom sastanka, Tr\u0161ani je predstavila preporuke M\u017dK-a Svetskoj banci sa fokusom na potrebu da Banka kontinuirano konsultuje organizacije za \u017eenska prava na Kosovu pre i tokom razvoja njihovih aktivnosti, kako bi se pobolj\u0161ao uticaj ovih intervencija na \u017eivote \u017eena i devojaka na Kosovu<br><br>U me\u0111uvremenu, Paolu\u010di je izrazio spremnost za \u0161iru saradnju sa aktivnim organizacijama za \u017eenska prava na Kosovu, posebno u razvoju inicijativa koje direktno uti\u010du na \u017eene i devojke na Kosovu. On je naglasio da \u0107e se potreba za konsultacijama sa organizacijama posebno pove\u0107ati tokom konsultacija o izradi Strategije rodne ravnopravnosti u okviru Svetske banke slede\u0107e godine. \u201eVrata Svetske banke na Kosovu su otvorena za organizacije za \u017eenska prava\u201c, zaklju\u010dio je on.<br><br>Tr\u0161ani je predstavljala M\u017dK u mnogim drugim panelima za diskusiju u okviru dnevnog reda civilnog dru\u0161tva tokom godi\u0161njeg sastanka Svetske banke, gde je tako\u0111e javno pokrenula pitanje potrebe za konsultacijom SB sa organizacijama civilnog dru\u0161tva.<br><br>Godi\u0161nji sastanci odbora guvernera Me\u0111unarodnog monetarnog fonda i Grupe Svetske banke okupljaju centralne bankare, ministre finansija i razvoja, parlamentarce, rukovodioce privatnog sektora, predstavnike organizacija civilnog dru\u0161tva i akademike kako bi razgovarali o pitanjima od globalnog interesa, uklju\u010duju\u0107i svetsku ekonomsku perspektivu, iskorenjivanje siroma\u0161tva, ekonomski razvoj i efikasnost pomo\u0107i. Tako\u0111e su predstavljeni seminari, regionalni brifinzi, konferencije za novinare i mnogi drugi doga\u0111aji koji se fokusiraju na globalnu ekonomiju, me\u0111unarodni razvoj i svetski finansijski sistem. Ovogodi\u0161nji doga\u0111aj odr\u017ean je u Va\u0161ingtonu od 10. do 16. oktobra 2022.<br><\/p>\n","protected":false},"excerpt":{"rendered":"<p>Adeljina Tr\u0161ani, M\u017dK, tokom svog boravka u Va\u0161ingtonu gde je u\u010destvovala na godi\u0161njem sastanku &nbsp;Svetske banke (SB), odr\u017eala je sastanke sa klju\u010dnim akterima SB na Kosovu. Ona se sastala sa predsednikom Svetske banke za Kosovo i Severnu Makedoniju Masimilijanom Paolu\u010dijem, kao i sa savetnikom izvr\u0161nog direktora grupe Svetske banke Hajdarom Korbijem. Tokom sastanka, Tr\u0161ani je [&hellip;]<\/p>\n","protected":false},"author":12,"featured_media":3355930,"comment_status":"closed","ping_status":"closed","sticky":false,"template":"","format":"standard","meta":{"_FSMCFIC_featured_image_caption":"","_FSMCFIC_featured_image_nocaption":"","_FSMCFIC_featured_image_hide":"","footnotes":""},"categories":[59],"tags":[],"class_list":["post-3356105","post","type-post","status-publish","format-standard","has-post-thumbnail","hentry","category-vesti"],"acf":[],"_links":{"self":[{"href":"https:\/\/womensnetwork.org\/sr\/wp-json\/wp\/v2\/posts\/3356105","targetHints":{"allow":["GET"]}}],"collection":[{"href":"https:\/\/womensnetwork.org\/sr\/wp-json\/wp\/v2\/posts"}],"about":[{"href":"https:\/\/womensnetwork.org\/sr\/wp-json\/wp\/v2\/types\/post"}],"author":[{"embeddable":true,"href":"https:\/\/womensnetwork.org\/sr\/wp-json\/wp\/v2\/users\/12"}],"replies":[{"embeddable":true,"href":"https:\/\/womensnetwork.org\/sr\/wp-json\/wp\/v2\/comments?post=3356105"}],"version-history":[{"count":1,"href":"https:\/\/womensnetwork.org\/sr\/wp-json\/wp\/v2\/posts\/3356105\/revisions"}],"predecessor-version":[{"id":3356106,"href":"https:\/\/womensnetwork.org\/sr\/wp-json\/wp\/v2\/posts\/3356105\/revisions\/3356106"}],"wp:featuredmedia":[{"embeddable":true,"href":"https:\/\/womensnetwork.org\/sr\/wp-json\/wp\/v2\/media\/3355930"}],"wp:attachment":[{"href":"https:\/\/womensnetwork.org\/sr\/wp-json\/wp\/v2\/media?parent=3356105"}],"wp:term":[{"taxonomy":"category","embeddable":true,"href":"https:\/\/womensnetwork.org\/sr\/wp-json\/wp\/v2\/categories?post=3356105"},{"taxonomy":"post_tag","embeddable":true,"href":"https:\/\/womensnetwork.org\/sr\/wp-json\/wp\/v2\/tags?post=3356105"}],"curies":[{"name":"wp","href":"https:\/\/api.w.org\/{rel}","templated":true}]}}