{"id":3356110,"date":"2022-10-14T12:14:00","date_gmt":"2022-10-14T12:14:00","guid":{"rendered":"https:\/\/womensnetwork.org\/?p=3356110"},"modified":"2022-11-04T12:31:42","modified_gmt":"2022-11-04T12:31:42","slug":"medica-kosova-ce-saradjivati-sa-direkcijom-za-obrazovanje-za-dobrobit-ucenika-u-djakovici","status":"publish","type":"post","link":"https:\/\/womensnetwork.org\/sr\/medica-kosova-ce-saradjivati-sa-direkcijom-za-obrazovanje-za-dobrobit-ucenika-u-djakovici\/","title":{"rendered":"Medica Kosova \u0107e sara\u0111ivati sa Direkcijom za obrazovanje za dobrobit u\u010denika u \u0110akovici"},"content":{"rendered":"\n<p>Organizacija \u010dlanica Mre\u017ee \u017eena Kosova (M\u017dK) \u201eMedica Kosova\u201c potpisala je Memorandum o saradnji sa Direkcijom za obrazovanje u \u0110akovici koji se odnosi na pobolj\u0161anje kvaliteta obrazovanja i dobrobit u\u010denika u \u0161kolama op\u0161tine \u0110akovica, odnosno anga\u017eovanje nekoliko psihologa u \u0161kolama u \u200b\u200bovoj op\u0161tini.<\/p>\n\n\n\n<p>Memorandum je potpisan u vreme kada Medica sprovodi projekat \u201eJa\u010danje kapaciteta u sistemu osnovnog obrazovanja u \u0110akovici za tretman dece\/u\u010denika koji su \u017ertve nasilja, zlostavljanja ili pate od posledica COVID-19\u201c.<\/p>\n\n\n\n<p>Medica je 26. septembra nastavila sa drugim ciklusom predavanja o izgradnji pozitivnih odnosa nastavnik-u\u010denik. Odr\u017eana su predavanja u razli\u010ditim \u0161kolama u op\u0161tini \u0110akovica, kako bi se podigli kapaciteti nastavnika o posledicama nasilja na decu koja mogu biti svedoci ili do\u017eiveti nasilje.<\/p>\n\n\n\n<figure class=\"wp-block-image\"><img decoding=\"async\" src=\"https:\/\/womensnetwork.org\/wp-content\/uploads\/2022\/10\/medica-2-1024x577.jpg\" alt=\"\"\/><\/figure>\n\n\n\n<p>Psiholog organizacije Emirjeta Kumnova je nastavnicima govorila o posledicama nasilja me\u0111u mladima, ali i na\u010dinima na koje nastavnici mogu da identifikuju decu koja su bila svedoci nasilja ili koja su i sama do\u017eivela nasilje.<\/p>\n\n\n\n<p>Kumnova je naglasila da \u201eako \u017eelimo da smanjimo posledice nasilja i traumatskih doga\u0111aja kod dece, to se mo\u017ee u\u010diniti kroz izgradnju pozitivnih odnosa sa odraslom osobom, gde nastavnici mogu biti oni koji prepoznaju emocionalne potrebe dece\u201c.<\/p>\n\n\n\n<p>\u201eDakle, prvi ciklus je produbljen traumama koje deca imaju, kao posledica nasilja, ali pre svega deca koja odrastaju u porodicama koje nemaju emocionalno prepoznavanje, \u0161to kod njih izaziva traumu\u201c, rekla je ona.<\/p>\n\n\n\n<p>Ona je naglasila da deca koja su do\u017eivela traumu ne mogu uvek da objasne svoja traumatska iskustva, pa traume iskazuju negativnim pona\u0161anjem i neposlu\u0161no\u0161\u0107u na \u010dasu i u \u0161koli.<\/p>\n\n\n\n<figure class=\"wp-block-image\"><img decoding=\"async\" src=\"https:\/\/womensnetwork.org\/wp-content\/uploads\/2022\/10\/medica-1-1024x576.jpg\" alt=\"\"\/><\/figure>\n\n\n\n<p>Drugi ciklus se fokusira na podizanje kapaciteta nastavnika da postanu osetljivi na traumu. Tokom predavanja pomenuta je va\u017enost promene na\u010dina razmi\u0161ljanja sa racionalnog na emocionalni.<\/p>\n\n\n\n<p>Ovaj projekat podr\u017eava Fond \u017eena Kosova uz podr\u0161ku Kancelarije Evropske unije na Kosovu kroz inicijativu M\u017dK \u201eJa\u010danje kapaciteta i otpornosti OCD: Unapre\u0111enje rodne ravnopravnosti usred pandemije COVID-19\u201c.<\/p>\n\n\n\n<p>Ukoliko \u017eelite da podr\u017eite budu\u0107i rad M\u017dK-a i njenih organizacija \u010dlanica, uklju\u010duju\u0107i podr\u0161ku deci koja su do\u017eivela nasilje, da pobolj\u0161ate kapacitet obrazovnog sistema za podr\u0161ku deci, kao i op\u0161ti rad M\u017dK-a na pobolj\u0161anju nastave u cilju transformisanja tradicionalnih rodnih normi i odnosa u \u0161kolama, mo\u017eete dati donaciju M\u017dK-u putem linka:&nbsp;<a href=\"https:\/\/womensnetwork.org\/sq\/donate\/\">https:\/\/womensnetwork.org\/donate\/<\/a>. &nbsp;<\/p>\n","protected":false},"excerpt":{"rendered":"<p>Organizacija \u010dlanica Mre\u017ee \u017eena Kosova (M\u017dK) \u201eMedica Kosova\u201c potpisala je Memorandum o saradnji sa Direkcijom za obrazovanje u \u0110akovici koji se odnosi na pobolj\u0161anje kvaliteta obrazovanja i dobrobit u\u010denika u \u0161kolama op\u0161tine \u0110akovica, odnosno anga\u017eovanje nekoliko psihologa u \u0161kolama u \u200b\u200bovoj op\u0161tini. Memorandum je potpisan u vreme kada Medica sprovodi projekat \u201eJa\u010danje kapaciteta u sistemu [&hellip;]<\/p>\n","protected":false},"author":13,"featured_media":3355749,"comment_status":"closed","ping_status":"closed","sticky":false,"template":"","format":"standard","meta":{"_FSMCFIC_featured_image_caption":"","_FSMCFIC_featured_image_nocaption":"","_FSMCFIC_featured_image_hide":"","footnotes":""},"categories":[59],"tags":[],"class_list":["post-3356110","post","type-post","status-publish","format-standard","has-post-thumbnail","hentry","category-vesti"],"acf":[],"_links":{"self":[{"href":"https:\/\/womensnetwork.org\/sr\/wp-json\/wp\/v2\/posts\/3356110","targetHints":{"allow":["GET"]}}],"collection":[{"href":"https:\/\/womensnetwork.org\/sr\/wp-json\/wp\/v2\/posts"}],"about":[{"href":"https:\/\/womensnetwork.org\/sr\/wp-json\/wp\/v2\/types\/post"}],"author":[{"embeddable":true,"href":"https:\/\/womensnetwork.org\/sr\/wp-json\/wp\/v2\/users\/13"}],"replies":[{"embeddable":true,"href":"https:\/\/womensnetwork.org\/sr\/wp-json\/wp\/v2\/comments?post=3356110"}],"version-history":[{"count":3,"href":"https:\/\/womensnetwork.org\/sr\/wp-json\/wp\/v2\/posts\/3356110\/revisions"}],"predecessor-version":[{"id":3356124,"href":"https:\/\/womensnetwork.org\/sr\/wp-json\/wp\/v2\/posts\/3356110\/revisions\/3356124"}],"wp:featuredmedia":[{"embeddable":true,"href":"https:\/\/womensnetwork.org\/sr\/wp-json\/wp\/v2\/media\/3355749"}],"wp:attachment":[{"href":"https:\/\/womensnetwork.org\/sr\/wp-json\/wp\/v2\/media?parent=3356110"}],"wp:term":[{"taxonomy":"category","embeddable":true,"href":"https:\/\/womensnetwork.org\/sr\/wp-json\/wp\/v2\/categories?post=3356110"},{"taxonomy":"post_tag","embeddable":true,"href":"https:\/\/womensnetwork.org\/sr\/wp-json\/wp\/v2\/tags?post=3356110"}],"curies":[{"name":"wp","href":"https:\/\/api.w.org\/{rel}","templated":true}]}}