{"id":3359144,"date":"2023-06-22T20:58:00","date_gmt":"2023-06-22T20:58:00","guid":{"rendered":"https:\/\/womensnetwork.org\/?p=3359144"},"modified":"2023-06-29T08:59:49","modified_gmt":"2023-06-29T08:59:49","slug":"mreza-zena-kosova-uz-fljutru-za-slobodu-medija","status":"publish","type":"post","link":"https:\/\/womensnetwork.org\/sr\/mreza-zena-kosova-uz-fljutru-za-slobodu-medija\/","title":{"rendered":"Mre\u017ea \u017eena Kosova uz Fljutru za slobodu medija\u00a0"},"content":{"rendered":"\n<p>Uznemirene nedavnim komentarima upu\u0107enim Fljuturi Kusari, advokatinji za medijsko pravo i aktivistkinji za ljudska prava, mi u Mre\u017ei \u017eena Kosova osu\u0111ujemo jezik kori\u0161\u0107en protiv nje i izra\u017eavamo na\u0161u punu podr\u0161ku Fljuturi i svakoj \u017eeni koja se usudi da bude aktivna u javnoj sferi, postaju\u0107i glas gra\u0111ana.&nbsp;<\/p>\n\n\n\n<p>G\u0111a. Kusari se zala\u017ee za slobodu izra\u017eavanja i medija i za za\u0161titu novinara na Kosovu, u Albaniji i \u0161irom Evrope. Kao vi\u0161a pravna savetnica u Evropskom centru za slobodu \u0161tampe i medija (ECPMF) u Lajpcigu, ona vodi program pravne pomo\u0107i kroz kojim je podr\u017eano stotine novinara u razli\u010ditim zemljama. Ona je tako\u0111e stru\u010dnjakinja u Evropskoj komisiji i Savetu Evrope i blisko sara\u0111uje sa poznatim me\u0111unarodnim organizacijama za slobodu medija. G\u0111a. Kusari je pokrenula program \u201eNovinari u rezidenciji\u201c kroz koji je okupila desetine novinara iz Ukrajine i Avganistana na Kosovu u saradnji sa kosovskom i nema\u010dkom vladom i Udru\u017eenjem novinara Kosova. Ona blisko sara\u0111uje sa novinarima na Kosovu i stalno se zala\u017ee za njihovu bezbednost.&nbsp;<\/p>\n\n\n\n<p>Mre\u017ea \u017eena Kosova ceni njenu hrabrost, profesionalizam i posve\u0107enost u promovisanju i za\u0161titi ljudskih prava.&nbsp;<\/p>\n\n\n\n<p>Pozivamo javne li\u010dnosti da iskoriste prostor koji im je dat da promovi\u0161u i osna\u017ee \u017eene i da ih ne obeshrabruju seksisti\u010dkim komentarima samo zato \u0161to se ne sla\u017eu sa njihovim mi\u0161ljenjem.&nbsp;<\/p>\n\n\n\n<p>\u017dene su deo javnog diskursa i samim&nbsp; tim treba da se ose\u0107aju bezbedno i za\u0161ti\u0107eno kako bi doprinele razvoju demokratskog i ravnopravnog dru\u0161tva.&nbsp;<\/p>\n","protected":false},"excerpt":{"rendered":"<p>Uznemirene nedavnim komentarima upu\u0107enim Fljuturi Kusari, advokatinji za medijsko pravo i aktivistkinji za ljudska prava, mi u Mre\u017ei \u017eena Kosova osu\u0111ujemo jezik kori\u0161\u0107en protiv nje i izra\u017eavamo na\u0161u punu podr\u0161ku Fljuturi i svakoj \u017eeni koja se usudi da bude aktivna u javnoj sferi, postaju\u0107i glas gra\u0111ana.&nbsp; G\u0111a. Kusari se zala\u017ee za slobodu izra\u017eavanja i medija [&hellip;]<\/p>\n","protected":false},"author":12,"featured_media":3359074,"comment_status":"closed","ping_status":"closed","sticky":false,"template":"","format":"standard","meta":{"_FSMCFIC_featured_image_caption":"","_FSMCFIC_featured_image_nocaption":"","_FSMCFIC_featured_image_hide":"","footnotes":""},"categories":[83],"tags":[],"class_list":["post-3359144","post","type-post","status-publish","format-standard","has-post-thumbnail","hentry","category-sapostenje-za-stampu"],"acf":[],"_links":{"self":[{"href":"https:\/\/womensnetwork.org\/sr\/wp-json\/wp\/v2\/posts\/3359144","targetHints":{"allow":["GET"]}}],"collection":[{"href":"https:\/\/womensnetwork.org\/sr\/wp-json\/wp\/v2\/posts"}],"about":[{"href":"https:\/\/womensnetwork.org\/sr\/wp-json\/wp\/v2\/types\/post"}],"author":[{"embeddable":true,"href":"https:\/\/womensnetwork.org\/sr\/wp-json\/wp\/v2\/users\/12"}],"replies":[{"embeddable":true,"href":"https:\/\/womensnetwork.org\/sr\/wp-json\/wp\/v2\/comments?post=3359144"}],"version-history":[{"count":1,"href":"https:\/\/womensnetwork.org\/sr\/wp-json\/wp\/v2\/posts\/3359144\/revisions"}],"predecessor-version":[{"id":3359145,"href":"https:\/\/womensnetwork.org\/sr\/wp-json\/wp\/v2\/posts\/3359144\/revisions\/3359145"}],"wp:featuredmedia":[{"embeddable":true,"href":"https:\/\/womensnetwork.org\/sr\/wp-json\/wp\/v2\/media\/3359074"}],"wp:attachment":[{"href":"https:\/\/womensnetwork.org\/sr\/wp-json\/wp\/v2\/media?parent=3359144"}],"wp:term":[{"taxonomy":"category","embeddable":true,"href":"https:\/\/womensnetwork.org\/sr\/wp-json\/wp\/v2\/categories?post=3359144"},{"taxonomy":"post_tag","embeddable":true,"href":"https:\/\/womensnetwork.org\/sr\/wp-json\/wp\/v2\/tags?post=3359144"}],"curies":[{"name":"wp","href":"https:\/\/api.w.org\/{rel}","templated":true}]}}