{"id":3359157,"date":"2023-06-08T23:12:00","date_gmt":"2023-06-08T23:12:00","guid":{"rendered":"https:\/\/womensnetwork.org\/?p=3359157"},"modified":"2023-06-29T11:16:09","modified_gmt":"2023-06-29T11:16:09","slug":"mzk-ucestvuje-na-petom-sastanku-mreze-glavnih-tacaka-za-zene-mir-i-bezbednost-u-vasingtonu","status":"publish","type":"post","link":"https:\/\/womensnetwork.org\/sr\/mzk-ucestvuje-na-petom-sastanku-mreze-glavnih-tacaka-za-zene-mir-i-bezbednost-u-vasingtonu\/","title":{"rendered":"M\u017dK u\u010destvuje na petom sastanku Mre\u017ee glavnih ta\u010daka za \u017eene, mir i bezbednost u Va\u0161ingtonu\u00a0"},"content":{"rendered":"\n<p>Mre\u017ea \u017eena Kosova je od 6. do 8. juna aktivno u\u010destvovala na petom sastanku Mre\u017ee glavnih ta\u010daka za \u017eene, mir i bezbednost, koji je odr\u017ean u Va\u0161ingtonu, Sjedinjenim Ameri\u010dkim Dr\u017eavama na poziv Stejt departmenta, Globalne kancelarije za rodna pitanja i Ministarstva nacionalne odbrane, Kancelarije za upravljanje rodnim pitanjima, Rumunija. U\u010desnici na ovim sastancima bili su Valjmira Ra\u0161iti, slu\u017ebenica na Programu za vladavinu prava M\u017dK, Feride Ru\u0161iti \u2013 direktorka Kosovskog centra za rehabilitaciju \u017ertava torture i ujedno \u010dlanica odbora M\u017dK -a i Kadire Tahiraj iz Centra za promovisanje \u017eenskih prava.\u00a0<\/p>\n\n\n\n<p>Na sastancima sa ambasadorima, aktivistima, predstavnicima delegacija iz razli\u010ditih zemalja, uklju\u010duju\u0107i i sastanak sa Gitom Rao Guptom, novoimenovanom za generalnu ambasadorku za \u017eenska pitanja u Stejt departmentu, M\u017dK je istakla potrebu stro\u017ee primene Rezolucije 1325 za \u017eene u procesima mira i bezbednosti. Tu se javila potreba za odr\u017eivim finansiranjem \u017eenskih organizacija koje su dugo anga\u017eovane u procesu mira i pomirenja, posebno na lokalnom nivou, kao i za uklju\u010divanje njihovih konsultacija u pregovara\u010dke strukture.&nbsp;<\/p>\n\n\n\n<p>M\u017dK je tako\u0111e ukazala na potrebu za institucionalnom odgovorno\u0161\u0107u relevantnih dr\u017eava, ali i me\u0111unarodnih aktera u vezi sa sprovo\u0111enjem Rezolucije 1325, da se u njenom sprovo\u0111enju koristi sna\u017eniji jezik.&nbsp;<\/p>\n\n\n\n<p>U okviru radnih grupa, u kojima se razgovaralo o mogu\u0107nostima izrade akcionih planova na nacionalnom nivou za \u017eene u procesu mira i bezbednosti, Valjmira Ra\u0161iti, iz M\u017dK, istakla je potrebu rekonstrukcije pojma mira i bezbednosti, kao i o \u201enacionalnim pretnjama\u201d obezbe\u0111uju\u0107i da ovo poslednje uklju\u010duje i opasnost koja preti \u017eenama i devojkama visokim nivoom rodno zasnovanog nasilja.&nbsp;<\/p>\n\n\n\n<p>S druge strane, Feride Ru\u0161iti, KCR\u017dT i \u010dlanica odbora, i Kadire Tahiraj iz Centra za promovisanje \u017eenskih prava su se pobrinule da u fokusu razgovora budu i \u017ertve seksualnog nasilja u poslednjem ratu na Kosovu, kroz priznavanje njihovog statusa, stvaranju adekvatnih uslova za njihovu rehabilitaciju i podizanje dru\u0161tvene, nacionalne i me\u0111unarodne svesti o solidarnosti sa \u017ertvama seksualnog nasilja. Feride Ru\u0161iti, KCR\u017dT je naglasila da su rodna ravnopravnost i multisektorski pristup su\u0161tinske komponente odr\u017eivog mira i bezbednosti.&nbsp;<\/p>\n\n\n\n<p>Pored konkretnih diskusija i preporuka, M\u017dK je podelila i dobre prakse vi\u0161egodi\u0161njeg rada organizacija \u010dlanica M\u017dK u mirovnom i bezbednosnom procesu, kao i zajedni\u010dka zagovara\u010dka pisma upu\u0107ena me\u0111unarodnim predstavnicima za uklju\u010divanje i konsultacije sa \u017eenama. M\u017dK je tako\u0111e podelila prakti\u010dna iskustva u istra\u017eivanjima i publikacijama iz ove oblasti, \u010diji su nalazi doprineli oblikovanju prioriteta koje bi \u017eene postavile ukoliko bi bile uklju\u010dene u mirovne, bezbednosne procese i pregovara\u010dke strukture, kao \u0161to je predvi\u0111eno Rezolucijom 1325.&nbsp;<br>&nbsp;<\/p>\n\n\n\n<p>Podse\u0107amo, M\u017dK je 2021. godine objavila istra\u017eivanje \u201e<a href=\"https:\/\/womensnetwork.org\/sq\/publications\/nje-ulese-ne-tryeze\/\" target=\"_blank\" rel=\"noreferrer noopener\">Mesto<\/a> za stolom\u201c, a 2022. godine M\u017dK objavila drugo izdanje knjige \u201e<a href=\"https:\/\/womensnetwork.org\/sq\/publications\/fakte-dhe-fabula-per-rezoluten-1325\/\" target=\"_blank\" rel=\"noreferrer noopener\">\u010cinjenice i pri\u010de o Rezoluciji 1325<\/a>\u201c. Obe ove publikacije mo\u017eete pro\u010ditati na oba jezika na internet stranici M\u017dK.&nbsp;<\/p>\n","protected":false},"excerpt":{"rendered":"<p>Mre\u017ea \u017eena Kosova je od 6. do 8. juna aktivno u\u010destvovala na petom sastanku Mre\u017ee glavnih ta\u010daka za \u017eene, mir i bezbednost, koji je odr\u017ean u Va\u0161ingtonu, Sjedinjenim Ameri\u010dkim Dr\u017eavama na poziv Stejt departmenta, Globalne kancelarije za rodna pitanja i Ministarstva nacionalne odbrane, Kancelarije za upravljanje rodnim pitanjima, Rumunija. U\u010desnici na ovim sastancima bili su [&hellip;]<\/p>\n","protected":false},"author":12,"featured_media":3359131,"comment_status":"closed","ping_status":"closed","sticky":false,"template":"","format":"standard","meta":{"_FSMCFIC_featured_image_caption":"","_FSMCFIC_featured_image_nocaption":"","_FSMCFIC_featured_image_hide":"","footnotes":""},"categories":[59],"tags":[],"class_list":["post-3359157","post","type-post","status-publish","format-standard","has-post-thumbnail","hentry","category-vesti"],"acf":[],"_links":{"self":[{"href":"https:\/\/womensnetwork.org\/sr\/wp-json\/wp\/v2\/posts\/3359157","targetHints":{"allow":["GET"]}}],"collection":[{"href":"https:\/\/womensnetwork.org\/sr\/wp-json\/wp\/v2\/posts"}],"about":[{"href":"https:\/\/womensnetwork.org\/sr\/wp-json\/wp\/v2\/types\/post"}],"author":[{"embeddable":true,"href":"https:\/\/womensnetwork.org\/sr\/wp-json\/wp\/v2\/users\/12"}],"replies":[{"embeddable":true,"href":"https:\/\/womensnetwork.org\/sr\/wp-json\/wp\/v2\/comments?post=3359157"}],"version-history":[{"count":1,"href":"https:\/\/womensnetwork.org\/sr\/wp-json\/wp\/v2\/posts\/3359157\/revisions"}],"predecessor-version":[{"id":3359158,"href":"https:\/\/womensnetwork.org\/sr\/wp-json\/wp\/v2\/posts\/3359157\/revisions\/3359158"}],"wp:featuredmedia":[{"embeddable":true,"href":"https:\/\/womensnetwork.org\/sr\/wp-json\/wp\/v2\/media\/3359131"}],"wp:attachment":[{"href":"https:\/\/womensnetwork.org\/sr\/wp-json\/wp\/v2\/media?parent=3359157"}],"wp:term":[{"taxonomy":"category","embeddable":true,"href":"https:\/\/womensnetwork.org\/sr\/wp-json\/wp\/v2\/categories?post=3359157"},{"taxonomy":"post_tag","embeddable":true,"href":"https:\/\/womensnetwork.org\/sr\/wp-json\/wp\/v2\/tags?post=3359157"}],"curies":[{"name":"wp","href":"https:\/\/api.w.org\/{rel}","templated":true}]}}