{"id":3359553,"date":"2023-07-31T15:39:00","date_gmt":"2023-07-31T15:39:00","guid":{"rendered":"https:\/\/womensnetwork.org\/?p=3359553"},"modified":"2023-08-04T12:39:42","modified_gmt":"2023-08-04T12:39:42","slug":"mzk-podrzava-novinare-u-protestu-demokratija-umire-u-tami","status":"publish","type":"post","link":"https:\/\/womensnetwork.org\/sr\/mzk-podrzava-novinare-u-protestu-demokratija-umire-u-tami\/","title":{"rendered":"M\u017dK podr\u017eava novinare u protestu \u201eDemokratija umire u tami\u201c"},"content":{"rendered":"\n<p>Mre\u017ea \u017eena Kosova podr\u017eala je protest Udru\u017eenja novinara Kosova (UNK) u znak revolta zbog suspenzije poslovnog sertifikata Klan Kosova od strane Ministarstva industrije, preduzetni\u0161tva i trgovine.<\/p>\n\n\n\n<p>Uz moto \u201eDemokratija umire u mraku\u201c, desetine novinara i aktivista civilnog dru\u0161tva na Kosovu okupilo se u ponedeljak, 31. jula, na glavnim pri\u0161tinskim trgovima, kako bi izrazili svoje protivljenje odluci kosovskih vlasti koja bi mogla da dovede do zatvaranje privatne nacionalne televizije Klan Kosova.<\/p>\n\n\n\n<p>Za organizatore protest od ponedeljka je simboli\u010dnog karaktera. Kada je sat otkucao ta\u010dno 12, krenula je \u0161etnja uz zvi\u017eduke sa pi\u0161taljkama u pravcu Vlade.<\/p>\n\n\n\n<p>U trenutku kada su protestanti stigli ispred zgrade Vlade, medijski radnici su ostavili opremu i pridru\u017eili su se \u010duvarima slobode govora, u znak podr\u0161ke kolegama iz Klana Kosova.<\/p>\n\n\n\n<p>Ustav Kosova i va\u017ee\u0107e zakonodavstvo garantuju slobodu medija na Kosovu. Novinari i civilno dru\u0161tvo ocenili su da odluka Vlade Kosova kr\u0161i su\u0161tinske vrednosti Ustava Kosova i da je vi\u0111ena kao institucionalni napad na demokratiju i slobodu govora. Tako\u0111e je re\u010deno da je takav pristup neprihvatljiv i da je u suprotnosti sa vrednostima i principima demokratskih dru\u0161tava.<\/p>\n","protected":false},"excerpt":{"rendered":"<p>Mre\u017ea \u017eena Kosova podr\u017eala je protest Udru\u017eenja novinara Kosova (UNK) u znak revolta zbog suspenzije poslovnog sertifikata Klan Kosova od strane Ministarstva industrije, preduzetni\u0161tva i trgovine. Uz moto \u201eDemokratija umire u mraku\u201c, desetine novinara i aktivista civilnog dru\u0161tva na Kosovu okupilo se u ponedeljak, 31. jula, na glavnim pri\u0161tinskim trgovima, kako bi izrazili svoje protivljenje [&hellip;]<\/p>\n","protected":false},"author":12,"featured_media":3359491,"comment_status":"closed","ping_status":"closed","sticky":false,"template":"","format":"standard","meta":{"_FSMCFIC_featured_image_caption":"","_FSMCFIC_featured_image_nocaption":"","_FSMCFIC_featured_image_hide":"","footnotes":""},"categories":[59],"tags":[],"class_list":["post-3359553","post","type-post","status-publish","format-standard","has-post-thumbnail","hentry","category-vesti"],"acf":[],"_links":{"self":[{"href":"https:\/\/womensnetwork.org\/sr\/wp-json\/wp\/v2\/posts\/3359553","targetHints":{"allow":["GET"]}}],"collection":[{"href":"https:\/\/womensnetwork.org\/sr\/wp-json\/wp\/v2\/posts"}],"about":[{"href":"https:\/\/womensnetwork.org\/sr\/wp-json\/wp\/v2\/types\/post"}],"author":[{"embeddable":true,"href":"https:\/\/womensnetwork.org\/sr\/wp-json\/wp\/v2\/users\/12"}],"replies":[{"embeddable":true,"href":"https:\/\/womensnetwork.org\/sr\/wp-json\/wp\/v2\/comments?post=3359553"}],"version-history":[{"count":1,"href":"https:\/\/womensnetwork.org\/sr\/wp-json\/wp\/v2\/posts\/3359553\/revisions"}],"predecessor-version":[{"id":3359554,"href":"https:\/\/womensnetwork.org\/sr\/wp-json\/wp\/v2\/posts\/3359553\/revisions\/3359554"}],"wp:featuredmedia":[{"embeddable":true,"href":"https:\/\/womensnetwork.org\/sr\/wp-json\/wp\/v2\/media\/3359491"}],"wp:attachment":[{"href":"https:\/\/womensnetwork.org\/sr\/wp-json\/wp\/v2\/media?parent=3359553"}],"wp:term":[{"taxonomy":"category","embeddable":true,"href":"https:\/\/womensnetwork.org\/sr\/wp-json\/wp\/v2\/categories?post=3359553"},{"taxonomy":"post_tag","embeddable":true,"href":"https:\/\/womensnetwork.org\/sr\/wp-json\/wp\/v2\/tags?post=3359553"}],"curies":[{"name":"wp","href":"https:\/\/api.w.org\/{rel}","templated":true}]}}