{"id":3359830,"date":"2023-08-23T07:48:00","date_gmt":"2023-08-23T07:48:00","guid":{"rendered":"https:\/\/womensnetwork.org\/?p=3359830"},"modified":"2023-09-25T17:11:03","modified_gmt":"2023-09-25T17:11:03","slug":"wai-podize-svest-devojaka-i-zena-u-lipljanu-o-mentalnom-i-seksualnom-zdravlju","status":"publish","type":"post","link":"https:\/\/womensnetwork.org\/sr\/wai-podize-svest-devojaka-i-zena-u-lipljanu-o-mentalnom-i-seksualnom-zdravlju\/","title":{"rendered":"WAI podi\u017ee svest devojaka i \u017eena u Lipljanu o mentalnom i seksualnom zdravlju"},"content":{"rendered":"\n<p>Preko 20 \u017eena i devojaka iz zajednica Roma, A\u0161kalija i Egip\u0107ana okupilo se u osnovnoj \u0161koli u selu Gadime u Lipljanu da razgovaraju o mentalnom i seksualnom zdravlju, ali i da se informi\u0161u o brojnim pravima koja one u\u017eivaju.<\/p>\n\n\n\n<p>Pokreta\u010dka snaga ove inicijative je organizacija \u010dlanica M\u017dK, Women Alliance for Integration (WAI)-\u017denska alijansa za integraciju, koja ova predavanja odr\u017eava u okviru inicijative \u201eMobilizacija Romkinja, A\u0161kalijki i Egip\u0107anki za prava na mentalno i seksualno zdravlje\u201c, koju podr\u017eava Mre\u017ea \u017eena Kosova (M\u017dK).<\/p>\n\n\n\n<p>Adeljina \u0106oraj Emini, direktorka WAI, nagla\u0161ava va\u017ean napredak koji su postigle u osna\u017eivanju \u017eena u op\u0161tini Lipljan.<\/p>\n\n\n\n<p>\u201eGlavni cilj je podizanje svesti o za\u0161tite njihovih prava i da ne \u0107ute.. da se oslobode straha, mobilisu i tra\u017ee svoja prava. Ovo je na\u0161 glavni cilj\u201c, rekla je ona.<\/p>\n\n\n\n<p>U\u010desnice iz zajednica Roma, A\u0161kalija i Egip\u0107ana u ve\u0107ini slu\u010dajeva imaju ograni\u010deno formalno obrazovanje, a neke od njih su i nepismene.<\/p>\n\n\n\n<p>Stoga, \u010dak i dodirivanje najosetljivijih tema, poput mentalnog i seksualnog zdravlja, ote\u017eava rad psihologa. Me\u0111utim, Fjola Ibrahimi Starabaja na predavanju u selu Gadime, kao i na desetinama drugih do sada odr\u017eanih sa WAI, prilago\u0111ava se zahtevima \u017eena i devojaka kako bi kako bi bila \u0161to razumljivija..<\/p>\n\n\n\n<p>\u201eObra\u0111ivane teme bile su stres, anksioznost, depresija, pre i posle poro\u0111aja. Mogu re\u0107i da su ove grupe malo ili nimalo \u0161kolovane, zato vodim i razgovore, dobijam preporuke od radnih grupa, da razgovaramo o temama koje ih zanimaju\u201c, ka\u017ee Fjola, koja ka\u017ee da na svakom predavanju se trudi da informi\u0161e \u017eene o njihovim pravima.<\/p>\n\n\n\n<p>\u201eVrlo malo \u017eena je upoznato o tome \u0161ta mogu da tra\u017ee od institucija, koja su njihova prava, kako da prijave slu\u010daj nasilja\u2026 mogu slobodno da ka\u017eem, ne samo kao psiholog, ve\u0107 i kao socijalna radnica da su ovi sastanci rezultirali da veliki broj \u017eena prijavi nasilje u porodici\u201c, rekla je ona.<\/p>\n\n\n\n<p>I Fjola i Adeljina su a \u017eenama i devojkama iz ovih zajednica razgovarale o ranim brakovima i njihovom uticaju sa pravnog i psiholo\u0161kog stanovi\u0161ta.<\/p>\n\n\n\n<p>Na ovim predavanjima je nagla\u0161en zna\u010daj obrazovanja kao alata za razbijanje kruga siroma\u0161tva i stvaranje dobro vaspitanih i obrazovanih porodica.<\/p>\n\n\n\n<p>WAI je korisnica granta u okviru 18. runde Fonda \u017eena Kosova u okviru inicijative M\u017dK \u201eUnapre\u0111enje inicijative za \u017eenska prava II\u201c koju finansira Austrijska agencija za razvoj (ADA) a sufinansira \u0160vedska agencija za me\u0111unarodnu razvoj i saradnju i razvoj (Sida).<\/p>\n","protected":false},"excerpt":{"rendered":"<p>Preko 20 \u017eena i devojaka iz zajednica Roma, A\u0161kalija i Egip\u0107ana okupilo se u osnovnoj \u0161koli u selu Gadime u Lipljanu da razgovaraju o mentalnom i seksualnom zdravlju, ali i da se informi\u0161u o brojnim pravima koja one u\u017eivaju. Pokreta\u010dka snaga ove inicijative je organizacija \u010dlanica M\u017dK, Women Alliance for Integration (WAI)-\u017denska alijansa za integraciju, [&hellip;]<\/p>\n","protected":false},"author":13,"featured_media":3359759,"comment_status":"closed","ping_status":"closed","sticky":false,"template":"","format":"standard","meta":{"_FSMCFIC_featured_image_caption":"","_FSMCFIC_featured_image_nocaption":"","_FSMCFIC_featured_image_hide":"","footnotes":""},"categories":[59],"tags":[],"class_list":["post-3359830","post","type-post","status-publish","format-standard","has-post-thumbnail","hentry","category-vesti"],"acf":[],"_links":{"self":[{"href":"https:\/\/womensnetwork.org\/sr\/wp-json\/wp\/v2\/posts\/3359830","targetHints":{"allow":["GET"]}}],"collection":[{"href":"https:\/\/womensnetwork.org\/sr\/wp-json\/wp\/v2\/posts"}],"about":[{"href":"https:\/\/womensnetwork.org\/sr\/wp-json\/wp\/v2\/types\/post"}],"author":[{"embeddable":true,"href":"https:\/\/womensnetwork.org\/sr\/wp-json\/wp\/v2\/users\/13"}],"replies":[{"embeddable":true,"href":"https:\/\/womensnetwork.org\/sr\/wp-json\/wp\/v2\/comments?post=3359830"}],"version-history":[{"count":2,"href":"https:\/\/womensnetwork.org\/sr\/wp-json\/wp\/v2\/posts\/3359830\/revisions"}],"predecessor-version":[{"id":3360085,"href":"https:\/\/womensnetwork.org\/sr\/wp-json\/wp\/v2\/posts\/3359830\/revisions\/3360085"}],"wp:featuredmedia":[{"embeddable":true,"href":"https:\/\/womensnetwork.org\/sr\/wp-json\/wp\/v2\/media\/3359759"}],"wp:attachment":[{"href":"https:\/\/womensnetwork.org\/sr\/wp-json\/wp\/v2\/media?parent=3359830"}],"wp:term":[{"taxonomy":"category","embeddable":true,"href":"https:\/\/womensnetwork.org\/sr\/wp-json\/wp\/v2\/categories?post=3359830"},{"taxonomy":"post_tag","embeddable":true,"href":"https:\/\/womensnetwork.org\/sr\/wp-json\/wp\/v2\/tags?post=3359830"}],"curies":[{"name":"wp","href":"https:\/\/api.w.org\/{rel}","templated":true}]}}