{"id":3359973,"date":"2023-09-08T11:24:00","date_gmt":"2023-09-08T11:24:00","guid":{"rendered":"https:\/\/womensnetwork.org\/?p=3359973"},"modified":"2023-09-25T17:22:22","modified_gmt":"2023-09-25T17:22:22","slug":"moravski-biser-podize-svest-zena-o-pristupu-zdravstvenim-uslugama","status":"publish","type":"post","link":"https:\/\/womensnetwork.org\/sr\/moravski-biser-podize-svest-zena-o-pristupu-zdravstvenim-uslugama\/","title":{"rendered":"Moravski Biser podi\u017ee svest \u017eena o pristupu zdravstvenim uslugama"},"content":{"rendered":"\n<p>Mnoge \u017eene iz op\u0161tine Parte\u0161 nemaju prave i dovoljno informacija o pristupu zdravstvenim uslugama u javnim ustanovama.<\/p>\n\n\n\n<p>Stoga, organizacija \u010dlanica M\u017dK Moravski Biser nastoji da kroz obuke podigne svest \u017eena o pravu na pristup zdravstvenim uslugama u njihovim naseljima ili u najbli\u017eim gradovima.<\/p>\n\n\n\n<p>Stoga, organizacija \u010dlanica M\u017dK Moravski Biser nastoji da kroz obuke podigne svest \u017eena o pravu na pristup zdravstvenim uslugama u njihovim naseljima ili u najbli\u017eim gradovima.&nbsp;<\/p>\n\n\n\n<p>Ova organizacija je u petak, 1. septembra, okupila 12 \u017eena iz srpske zajednice kako bi razgovarala o ovim pitanjima.<\/p>\n\n\n\n<figure class=\"wp-block-image size-large\"><img fetchpriority=\"high\" decoding=\"async\" width=\"1024\" height=\"768\" src=\"https:\/\/womensnetwork.org\/wp-content\/uploads\/2023\/09\/image-1024x768.png\" alt=\"\" class=\"wp-image-3359974\" srcset=\"https:\/\/womensnetwork.org\/wp-content\/uploads\/2023\/09\/image-1024x768.png 1024w, https:\/\/womensnetwork.org\/wp-content\/uploads\/2023\/09\/image-300x225.png 300w, https:\/\/womensnetwork.org\/wp-content\/uploads\/2023\/09\/image-768x576.png 768w, https:\/\/womensnetwork.org\/wp-content\/uploads\/2023\/09\/image-265x200.png 265w, https:\/\/womensnetwork.org\/wp-content\/uploads\/2023\/09\/image.png 1536w\" sizes=\"(max-width: 1024px) 100vw, 1024px\" \/><\/figure>\n\n\n\n<p>Dragana Petrovi\u0107, zamenik direktorka organizacije Moravski Biser, izjavila je da 15 \u017eena \u010dlanica ove organizacije, kao i druge volonterke unutar organizacije, redovno odr\u017eavaju sastanke kako bi se bolje informisale o pristupu zdravstvenim uslugama i slu\u010dajevima gde se smatra da su im povre\u0111ena prava.<\/p>\n\n\n\n<p>\u201e\u0160to se ti\u010de u\u010de\u0161\u0107a, ono je podjednako va\u017eno jer se sastajemo i obra\u0111ujemo nove teme, \u0161to doprinosi obrazovanju \u017eena i ja\u010danju uloge \u017eene, jer nova znanja uvek doprinose u tom pravcu. \u017dene su veoma malo upoznate sa pravima kada je u pitanju pristup zdravstvenoj za\u0161titi, posebno zbog toga \u0161to kod nas postoji dvojni sistem, \u0161to ih dodatno zbunjuje u vezi sa zdravstvenim sistemom. U op\u0161tini Parte\u0161 ne postoji primarni zdravstveni sistem, pa&nbsp; \u017eene ne znaju ta\u010dnu adresu na koju treba da se obrate\u201c, rekla je ona.<\/p>\n\n\n\n<p>Prema re\u010dima Moravskog Bisera, mnoge \u017eene u op\u0161tini Parte\u0161 gotovo nikada nisu posetile ginekologa. Nakon poja\u0161njenja da bi trebalo da pose\u0107uju ginekologa svakih \u0161est meseci, po\u010dele su to da \u010dine.<\/p>\n\n\n\n<p>Sevdije Musljiu je rekla da su ovakve obuke vi\u0161e nego neophodne jer \u017eene iz srpske zajednice nisu upoznate sa zakonima o zdravstvu.<\/p>\n\n\n\n<p>\u201cJa, kao trenerica, ih &nbsp;informi\u0161em o svim pravima koja imaju u zdravstvenom sistemu. One uop\u0161te nisu upoznate sa svojim pravima. Kada sam prvi put u\u010destvovala kao trenerica, one nisu imali nikakve informacije. Vremenom su saznale i nau\u010dile vi\u0161e o svojim pravima koja im po zakonu pripadaju. Sada \u017eene iz srpske zajednice pose\u0107uju bolnicu u Gnjilanu, a informacije koje dobiju na obuci odnose se&nbsp; i na to da li su im povre\u0111ena prava, gde to treba da prijave \u201d, rekla je ona.<\/p>\n\n\n\n<p>Ove obuke su pomogle Verici, koja ka\u017ee da je pre nego \u0161to je postala \u010dlanica ove organizacije, uvek dobijala zdravstvene usluge kroz posetu privatnom zdravstvenom sistemu.<\/p>\n\n\n\n<p>\u201eSada, ukoliko imam neku potrebu ili zdravstveni problem, koristim javni sistem i znam gde da da se obratim. Na obukama sam nau\u010dila da moram stalno da idem i obavljam rutinske preglede. Radile smo i mamografiju mobilnim mamografom, tako da sam od ovih obuka i imala dosta koristi.\u201c, rekla je ona.<\/p>\n\n\n\n<p>Ova aktivnost je organizovana u okviru inicijative \u201eEdukacija u cilju podizanja svesti o adekvatnoj upotrebi zdravstvene za\u0161tite\u201c, koju podr\u017eava Fond \u017eena Kosova, a finansira Austrijska agencija za razvoj (ADA) i sufinansira \u0160vedska agencija za me\u0111unarodni razvoj i saradnju (Sida).<\/p>\n\n\n\n<p>NVO Moravski Biser je ovu aktivnost sprovela zahvaljuju\u0107i dodeli grantova u okviru 18. kruga Fonda \u017eena Kosova, kroz inicijativu M\u017dK \u201e Dalje unapre\u0111enje prava \u017eena na Kosovu II\u201c koju finansira Austrijska agencija za razvoj (ADA) uz sufinansiranje od strane \u0160vedske agencije za me\u0111unarodni razvoj i saradnju (Sida).<\/p>\n","protected":false},"excerpt":{"rendered":"<p>Mnoge \u017eene iz op\u0161tine Parte\u0161 nemaju prave i dovoljno informacija o pristupu zdravstvenim uslugama u javnim ustanovama. Stoga, organizacija \u010dlanica M\u017dK Moravski Biser nastoji da kroz obuke podigne svest \u017eena o pravu na pristup zdravstvenim uslugama u njihovim naseljima ili u najbli\u017eim gradovima. Stoga, organizacija \u010dlanica M\u017dK Moravski Biser nastoji da kroz obuke podigne svest [&hellip;]<\/p>\n","protected":false},"author":12,"featured_media":3359968,"comment_status":"closed","ping_status":"closed","sticky":false,"template":"","format":"standard","meta":{"_FSMCFIC_featured_image_caption":"","_FSMCFIC_featured_image_nocaption":"","_FSMCFIC_featured_image_hide":"","footnotes":""},"categories":[59],"tags":[],"class_list":["post-3359973","post","type-post","status-publish","format-standard","has-post-thumbnail","hentry","category-vesti"],"acf":[],"_links":{"self":[{"href":"https:\/\/womensnetwork.org\/sr\/wp-json\/wp\/v2\/posts\/3359973","targetHints":{"allow":["GET"]}}],"collection":[{"href":"https:\/\/womensnetwork.org\/sr\/wp-json\/wp\/v2\/posts"}],"about":[{"href":"https:\/\/womensnetwork.org\/sr\/wp-json\/wp\/v2\/types\/post"}],"author":[{"embeddable":true,"href":"https:\/\/womensnetwork.org\/sr\/wp-json\/wp\/v2\/users\/12"}],"replies":[{"embeddable":true,"href":"https:\/\/womensnetwork.org\/sr\/wp-json\/wp\/v2\/comments?post=3359973"}],"version-history":[{"count":3,"href":"https:\/\/womensnetwork.org\/sr\/wp-json\/wp\/v2\/posts\/3359973\/revisions"}],"predecessor-version":[{"id":3360091,"href":"https:\/\/womensnetwork.org\/sr\/wp-json\/wp\/v2\/posts\/3359973\/revisions\/3360091"}],"wp:featuredmedia":[{"embeddable":true,"href":"https:\/\/womensnetwork.org\/sr\/wp-json\/wp\/v2\/media\/3359968"}],"wp:attachment":[{"href":"https:\/\/womensnetwork.org\/sr\/wp-json\/wp\/v2\/media?parent=3359973"}],"wp:term":[{"taxonomy":"category","embeddable":true,"href":"https:\/\/womensnetwork.org\/sr\/wp-json\/wp\/v2\/categories?post=3359973"},{"taxonomy":"post_tag","embeddable":true,"href":"https:\/\/womensnetwork.org\/sr\/wp-json\/wp\/v2\/tags?post=3359973"}],"curies":[{"name":"wp","href":"https:\/\/api.w.org\/{rel}","templated":true}]}}