{"id":3360750,"date":"2023-10-23T09:55:25","date_gmt":"2023-10-23T09:55:25","guid":{"rendered":"https:\/\/womensnetwork.org\/?p=3360750"},"modified":"2023-11-02T09:56:08","modified_gmt":"2023-11-02T09:56:08","slug":"mzk-i-ministarstvo-rada-i-finansija-razgovaraju-o-rodno-odgovornom-budzetiranju","status":"publish","type":"post","link":"https:\/\/womensnetwork.org\/sr\/mzk-i-ministarstvo-rada-i-finansija-razgovaraju-o-rodno-odgovornom-budzetiranju\/","title":{"rendered":"M\u017dK i Ministarstvo rada i finansija razgovaraju o rodno odgovornom bud\u017eetiranju\u00a0"},"content":{"rendered":"\n<p>Izvr\u0161nu direktorku M\u017dK-a, Igbale Rogova, primili su u ponedeljak, 23. oktobra, zamenik ministra finansija, rada i transfera, Agon Dobruna i generalni sekretar u ovom ministarstvu, Enis Spahiu.&nbsp;<\/p>\n\n\n\n<p>Ovom prilikom razgovarano je o preporukama M\u017dK za institucionalizaciju rodno odgovornog bud\u017eeta upu\u0107enim ranije Ministarstvu i drugim relevantnim institucijama, kao i o konkretnim preporukama za bud\u017eet Kosova za 2024. godinu, koji se o\u010dekuje da doprinese unapre\u0111enju rodne ravnopravnosti.&nbsp;<\/p>\n\n\n\n<p>M\u017dK o\u010dekuje da \u0107e se kroz saradnju sa Ministarstvom zajedno re\u0161avati razli\u010dita pitanja, a posebno ona koja se odnose na unapre\u0111enje rodne ravnopravnosti na Kosovu.&nbsp;<\/p>\n\n\n\n<p>Sa\u017eetak prakti\u010dne politika sa preporukama za institucionalizaciju rodno odgovornog bud\u017eetiranja na Kosovu u skladu sa Zakonom o rodnoj ravnopravnosti i sa konkretnim preporukama za bud\u017eet Kosova za 2024. godinu, koji \u0107e doprineti unapre\u0111enju rodne ravnopravnosti sa\u010dinjen od strane M\u017dK i Institut GAP mo\u017eete na\u0107i na slede\u0107em <a href=\"https:\/\/womensnetwork.org\/sq\/publications\/permbledhje-e-politikave_bpgj-per-buxhetin-2024\/\" target=\"_blank\" rel=\"noreferrer noopener\">link<\/a>u.&nbsp;<\/p>\n","protected":false},"excerpt":{"rendered":"<p>Izvr\u0161nu direktorku M\u017dK-a, Igbale Rogova, primili su u ponedeljak, 23. oktobra, zamenik ministra finansija, rada i transfera, Agon Dobruna i generalni sekretar u ovom ministarstvu, Enis Spahiu.&nbsp; Ovom prilikom razgovarano je o preporukama M\u017dK za institucionalizaciju rodno odgovornog bud\u017eeta upu\u0107enim ranije Ministarstvu i drugim relevantnim institucijama, kao i o konkretnim preporukama za bud\u017eet Kosova za [&hellip;]<\/p>\n","protected":false},"author":13,"featured_media":3360476,"comment_status":"closed","ping_status":"closed","sticky":false,"template":"","format":"standard","meta":{"_FSMCFIC_featured_image_caption":"","_FSMCFIC_featured_image_nocaption":"","_FSMCFIC_featured_image_hide":"","footnotes":""},"categories":[59],"tags":[],"class_list":["post-3360750","post","type-post","status-publish","format-standard","has-post-thumbnail","hentry","category-vesti"],"acf":[],"_links":{"self":[{"href":"https:\/\/womensnetwork.org\/sr\/wp-json\/wp\/v2\/posts\/3360750","targetHints":{"allow":["GET"]}}],"collection":[{"href":"https:\/\/womensnetwork.org\/sr\/wp-json\/wp\/v2\/posts"}],"about":[{"href":"https:\/\/womensnetwork.org\/sr\/wp-json\/wp\/v2\/types\/post"}],"author":[{"embeddable":true,"href":"https:\/\/womensnetwork.org\/sr\/wp-json\/wp\/v2\/users\/13"}],"replies":[{"embeddable":true,"href":"https:\/\/womensnetwork.org\/sr\/wp-json\/wp\/v2\/comments?post=3360750"}],"version-history":[{"count":1,"href":"https:\/\/womensnetwork.org\/sr\/wp-json\/wp\/v2\/posts\/3360750\/revisions"}],"predecessor-version":[{"id":3360751,"href":"https:\/\/womensnetwork.org\/sr\/wp-json\/wp\/v2\/posts\/3360750\/revisions\/3360751"}],"wp:featuredmedia":[{"embeddable":true,"href":"https:\/\/womensnetwork.org\/sr\/wp-json\/wp\/v2\/media\/3360476"}],"wp:attachment":[{"href":"https:\/\/womensnetwork.org\/sr\/wp-json\/wp\/v2\/media?parent=3360750"}],"wp:term":[{"taxonomy":"category","embeddable":true,"href":"https:\/\/womensnetwork.org\/sr\/wp-json\/wp\/v2\/categories?post=3360750"},{"taxonomy":"post_tag","embeddable":true,"href":"https:\/\/womensnetwork.org\/sr\/wp-json\/wp\/v2\/tags?post=3360750"}],"curies":[{"name":"wp","href":"https:\/\/api.w.org\/{rel}","templated":true}]}}