{"id":3360967,"date":"2023-11-22T13:28:03","date_gmt":"2023-11-22T13:28:03","guid":{"rendered":"https:\/\/womensnetwork.org\/?p=3360967"},"modified":"2025-11-04T09:17:04","modified_gmt":"2025-11-04T09:17:04","slug":"v-osnazuje-aktiviste-da-sanjaju-van-patrijarhata-ujedine-protiv-nasilja","status":"publish","type":"post","link":"https:\/\/womensnetwork.org\/sr\/v-osnazuje-aktiviste-da-sanjaju-van-patrijarhata-ujedine-protiv-nasilja\/","title":{"rendered":"V osna\u017euje aktiviste da sanjaju van patrijarhata, ujedine protiv nasilja"},"content":{"rendered":"\n<p>U utorak uve\u010de (21. novembar) su feministi\u010dke aktivistkinje u Pri\u0161tini bile inspirisane V-om (ranije poznata kao Eve Ensler), nagra\u0111ivanom, svetski poznatom umetnicom, aktivistkinjom i knji\u017eevnicom. Ona je govorila o tome kako je njena umetnost inspirisala njen aktivizam.<\/p>\n\n\n\n<p>\u201cMene je motivisala bes i ljubav\u201d, izjavila je ona, govore\u0107i o tome kako i jedno i drugo osna\u017euje njen rad.<\/p>\n\n\n\n<figure class=\"wp-block-image size-large\"><img fetchpriority=\"high\" decoding=\"async\" width=\"1024\" height=\"1024\" src=\"https:\/\/womensnetwork.org\/wp-content\/uploads\/2023\/11\/image-46-1024x1024.png\" alt=\"\" class=\"wp-image-3360968\" srcset=\"https:\/\/womensnetwork.org\/wp-content\/uploads\/2023\/11\/image-46-1024x1024.png 1024w, https:\/\/womensnetwork.org\/wp-content\/uploads\/2023\/11\/image-46-300x300.png 300w, https:\/\/womensnetwork.org\/wp-content\/uploads\/2023\/11\/image-46-150x150.png 150w, https:\/\/womensnetwork.org\/wp-content\/uploads\/2023\/11\/image-46-768x768.png 768w, https:\/\/womensnetwork.org\/wp-content\/uploads\/2023\/11\/image-46.png 1080w\" sizes=\"(max-width: 1024px) 100vw, 1024px\" \/><\/figure>\n\n\n\n<p>Ona je govorila o tome kako patrijarhat kroz mo\u0107, dominaciju i novac omogu\u0107ava nastavak nasilja nad \u017eenama, \u0161irenje fa\u0161izma, rastu\u0107i sukob na globalnom nivou i nazadovanje \u017eenskih prava.<\/p>\n\n\n\n<p>Lako je u ovoj atmosferi izgubiti nadu i podle\u0107i usamljenosti i depresiji.\u202f<\/p>\n\n\n\n<p>\u0160ta motivi\u0161e V da nastavi, usred pesimista koji ka\u017eu da nasilju nad \u017eenama nikada ne\u0107e biti kraja?<\/p>\n\n\n\n<p>Ona odbija da prihvati takav nedostatak ma\u0161te da je budu\u0107nost bez patrijarhata i nasilja zaista mogu\u0107a. Ona je pozvala publiku da zamisli kako bi takav svet izgledao i da zajedno radimo na njegovom zajedni\u010dkom stvaranju.<\/p>\n\n\n\n<figure class=\"wp-block-image size-large\"><img decoding=\"async\" width=\"1024\" height=\"1024\" src=\"https:\/\/womensnetwork.org\/wp-content\/uploads\/2023\/11\/image-47-1024x1024.png\" alt=\"\" class=\"wp-image-3360971\" srcset=\"https:\/\/womensnetwork.org\/wp-content\/uploads\/2023\/11\/image-47-1024x1024.png 1024w, https:\/\/womensnetwork.org\/wp-content\/uploads\/2023\/11\/image-47-300x300.png 300w, https:\/\/womensnetwork.org\/wp-content\/uploads\/2023\/11\/image-47-150x150.png 150w, https:\/\/womensnetwork.org\/wp-content\/uploads\/2023\/11\/image-47-768x768.png 768w, https:\/\/womensnetwork.org\/wp-content\/uploads\/2023\/11\/image-47.png 1080w\" sizes=\"(max-width: 1024px) 100vw, 1024px\" \/><\/figure>\n\n\n\n<p>\u201cNiko nas nikada nije odvratio od na\u0161eg sna\u201c, izjavila je ona.<\/p>\n\n\n\n<p>Globalni pokret One Billion Rising, koji je pokrenula V u saradnji sa aktivistima \u0161irom sveta, prepoznaje \u010dinjenicu da je svaka tre\u0107a \u017eena pretrpela nasilje, ukupno vi\u0161e od milijardu \u017eena. Ako sve \u017eene koje su pretrpele nasilje ustanu zajedno, mo\u017eemo ostvariti svoj san o okon\u010danju nasilja nad \u017eenama.<\/p>\n\n\n\n<figure class=\"wp-block-image size-full\"><img decoding=\"async\" width=\"854\" height=\"576\" src=\"https:\/\/womensnetwork.org\/wp-content\/uploads\/2023\/11\/image-48.png\" alt=\"\" class=\"wp-image-3360974\" srcset=\"https:\/\/womensnetwork.org\/wp-content\/uploads\/2023\/11\/image-48.png 854w, https:\/\/womensnetwork.org\/wp-content\/uploads\/2023\/11\/image-48-300x202.png 300w, https:\/\/womensnetwork.org\/wp-content\/uploads\/2023\/11\/image-48-768x518.png 768w\" sizes=\"(max-width: 854px) 100vw, 854px\" \/><\/figure>\n\n\n\n<p>\u201cOva energija milion \u017eena, pristalica mu\u0161karaca i njihovih saveznika koji ple\u0161u zajedno, mogla bi da okon\u010da patrijarhat\u201c, izjavila je V. Cela zemlja bi se pokrenula. \u201eMi imamo mo\u0107. Potrebni su nam samo hrabrost i organizacija\u201d.<\/p>\n\n\n\n<figure class=\"wp-block-image size-large\"><img loading=\"lazy\" decoding=\"async\" width=\"1024\" height=\"1024\" src=\"https:\/\/womensnetwork.org\/wp-content\/uploads\/2023\/11\/image-49-1024x1024.png\" alt=\"\" class=\"wp-image-3360977\" srcset=\"https:\/\/womensnetwork.org\/wp-content\/uploads\/2023\/11\/image-49-1024x1024.png 1024w, https:\/\/womensnetwork.org\/wp-content\/uploads\/2023\/11\/image-49-300x300.png 300w, https:\/\/womensnetwork.org\/wp-content\/uploads\/2023\/11\/image-49-150x150.png 150w, https:\/\/womensnetwork.org\/wp-content\/uploads\/2023\/11\/image-49-768x768.png 768w, https:\/\/womensnetwork.org\/wp-content\/uploads\/2023\/11\/image-49.png 1080w\" sizes=\"(max-width: 1024px) 100vw, 1024px\" \/><\/figure>\n\n\n\n<p>Kada su je pitali o ulozi dru\u0161tvenih medija u pokretu, lomila se izme\u0111u dezinformacija i usamljenosti koje izazivaju i njihove mo\u0107i da \u0161ire informacije.<\/p>\n\n\n\n<p>\u201cDru\u0161tveni mediji su sredstvo, ali to nije <em>to<\/em>. &#8230; Morate da osetite i dodirnete [pokret] svojim telom\u201d. Ona je istakla va\u017enost umre\u017eavanja, fizi\u010dkog kontakta i plesa u motivisanju i \u0161irenju globalnog feministi\u010dkog pokreta.<\/p>\n\n\n\n<p>V je ohrabrila i osna\u017eila aktiviste da se pridru\u017ee borbi, da se ujedine u okon\u010danju patrijarhata i nasilja nad \u017eenama, da sanjaju i rade na novom svetu koji mo\u017eemo da izgradimo zajedno.<\/p>\n\n\n\n<p>Doga\u0111aj su zajedno organizovali M\u017dK i Artpolis, uz podr\u0161ku Narodne biblioteke.<\/p>\n","protected":false},"excerpt":{"rendered":"<p>U utorak uve\u010de (21. novembar) su feministi\u010dke aktivistkinje u Pri\u0161tini bile inspirisane V-om (ranije poznata kao Eve Ensler), nagra\u0111ivanom, svetski poznatom umetnicom, aktivistkinjom i knji\u017eevnicom. Ona je govorila o tome kako je njena umetnost inspirisala njen aktivizam. \u201cMene je motivisala bes i ljubav\u201d, izjavila je ona, govore\u0107i o tome kako i jedno i drugo osna\u017euje [&hellip;]<\/p>\n","protected":false},"author":12,"featured_media":3360946,"comment_status":"closed","ping_status":"closed","sticky":false,"template":"","format":"standard","meta":{"_FSMCFIC_featured_image_caption":"","_FSMCFIC_featured_image_nocaption":"","_FSMCFIC_featured_image_hide":"","footnotes":""},"categories":[59],"tags":[],"class_list":["post-3360967","post","type-post","status-publish","format-standard","has-post-thumbnail","hentry","category-vesti"],"acf":[],"_links":{"self":[{"href":"https:\/\/womensnetwork.org\/sr\/wp-json\/wp\/v2\/posts\/3360967","targetHints":{"allow":["GET"]}}],"collection":[{"href":"https:\/\/womensnetwork.org\/sr\/wp-json\/wp\/v2\/posts"}],"about":[{"href":"https:\/\/womensnetwork.org\/sr\/wp-json\/wp\/v2\/types\/post"}],"author":[{"embeddable":true,"href":"https:\/\/womensnetwork.org\/sr\/wp-json\/wp\/v2\/users\/12"}],"replies":[{"embeddable":true,"href":"https:\/\/womensnetwork.org\/sr\/wp-json\/wp\/v2\/comments?post=3360967"}],"version-history":[{"count":3,"href":"https:\/\/womensnetwork.org\/sr\/wp-json\/wp\/v2\/posts\/3360967\/revisions"}],"predecessor-version":[{"id":3366957,"href":"https:\/\/womensnetwork.org\/sr\/wp-json\/wp\/v2\/posts\/3360967\/revisions\/3366957"}],"wp:featuredmedia":[{"embeddable":true,"href":"https:\/\/womensnetwork.org\/sr\/wp-json\/wp\/v2\/media\/3360946"}],"wp:attachment":[{"href":"https:\/\/womensnetwork.org\/sr\/wp-json\/wp\/v2\/media?parent=3360967"}],"wp:term":[{"taxonomy":"category","embeddable":true,"href":"https:\/\/womensnetwork.org\/sr\/wp-json\/wp\/v2\/categories?post=3360967"},{"taxonomy":"post_tag","embeddable":true,"href":"https:\/\/womensnetwork.org\/sr\/wp-json\/wp\/v2\/tags?post=3360967"}],"curies":[{"name":"wp","href":"https:\/\/api.w.org\/{rel}","templated":true}]}}