{"id":3361071,"date":"2023-11-14T20:32:24","date_gmt":"2023-11-14T20:32:24","guid":{"rendered":"https:\/\/womensnetwork.org\/?p=3361071"},"modified":"2023-12-03T20:33:30","modified_gmt":"2023-12-03T20:33:30","slug":"ljiljijana-cavoli-diva-albanske-muzike-koja-je-publici-darovala-pesmu-i-dusu","status":"publish","type":"post","link":"https:\/\/womensnetwork.org\/sr\/ljiljijana-cavoli-diva-albanske-muzike-koja-je-publici-darovala-pesmu-i-dusu\/","title":{"rendered":"Ljiljijana \u010cavoli \u2013 diva albanske muzike koja je publici darovala pesmu i du\u0161u\u00a0"},"content":{"rendered":"\n<p>\u202fLjiljijana \u010cavoli je ostavila neizbrisiv trag u istoriji kosovske muzike, ostaviv\u0161i iza sebe vi\u0161e od 300 pesama koje \u0107e \u017eiveti zauvek.\u00a0\u00a0<\/p>\n\n\n\n<p>Ona je bila me\u0111u prvim peva\u010dicama na Kosovu, koja je zavr\u0161ila muzi\u010dku \u0161kolu, u vreme kada je ostvarivanje takvog sna predstavljalo izazov. Ljiljijana nije bila voljena samo zbog muzike koju je pru\u017eala, ve\u0107 je tako\u0111e utirala put mnogim mladim \u017eenama koje su pratile njen primer.&nbsp;<\/p>\n\n\n\n<p>Nastupala je&nbsp; na sceni vi\u0161e od pet decenija, predstavljaju\u0107i se svojim laganim gradskim pesmama. Ljilji, kako su je poznavali prijatelji, tako\u0111e je radila u muzi\u010dkoj redakciji Radio Pri\u0161tine, a pre rata bila je autorka i voditeljka emisije \u201eEvergreen\u201c na Radiju Kosova.&nbsp;<\/p>\n\n\n\n<p>Svoj 70. ro\u0111endan i pet decenija karijere na sceni proslavila je megakoncertom koji je organizovala Grupa Koha u Narodnom pozori\u0161tu Kosova u februaru 2013. godine.&nbsp;<\/p>\n\n\n\n<p>Pet decenija unazad, neprestano je darivala pesmu i du\u0161u publici, nikada ne o\u010dekuju\u0107i ni\u0161ta zauzvrat. Me\u0111utim vreme joj je donelo priznanje. Nedeljno ve\u010de, 3. februara, mo\u017eda je za mnoge bilo obi\u010dno, ali ne i za divu albanske muzike Ljiljianu \u010cavoli\u201c, stoji u \u010dlanku dnevnog lista Koha ditore o tom koncertu.&nbsp;<\/p>\n\n\n\n<p>\u201eOvo je najlep\u0161e ve\u010de u mom \u017eivotu\u201c, iyjavila je \u010cavoli opisijuci gala koncert pod nazivom \u201ePesma i du\u0161a, za Ljilji srcem\u201c\u201c.&nbsp;<\/p>\n\n\n\n<p>Ljiljijana \u010cavoli je ro\u0111ena u Prizrenu i poti\u010de iz kor\u010darske porodice. Odrasla je u Skoplju, u Makedoniji. Njena majka, tako\u0111e peva\u010dica,&nbsp; odvela ju je jednog jutra kao pratioca na nastup na radiju, gde je i zapo\u010dela njena muzi\u010dka karijera. Sudbina ju je ponovo dovela u Prizren gde je Ljiljijana napravila svoje prve korake pevanja. Istovremeno je poha\u0111ala \u010dasove solo pevanja u srednjoj muzi\u010dkoj \u0161koli i postala \u010dlan Umetni\u010dko kulturnog dru\u0161tva \u201eAgimi\u201c. Njen talenat, glas i trud u Prizrenu brzo su je istakli kao ime koje obe\u0107ava.&nbsp;<\/p>\n\n\n\n<p>Prizrenska peva\u010dica je bila poznata kao ljiljan ovog grada, a pesma \u201cZambaku i Prizrenit\u201d <em>(\u201ePrizrenski ljiljan\u201d)<\/em> najbolje simbolizuje umetnicu.&nbsp;<\/p>\n\n\n\n<p>Ljiljijana \u010cavoli se istakla kao retka umetnica koja je dostigla vrhunce u zabavnoj muzici, ali je tako\u0111e&nbsp; briljirala u drugim \u017eanrovima. Zra\u010dila je pozitivnom energijom i toplinom prema onima koji su joj bili bliski. Ljiljijana je svojom li\u010dno\u0161\u0107u i kreativno\u0161\u0107u obogatila kulturni \u017eivot, ostavljaju\u0107i trajni pe\u010dat kao neprocenjivo kulturno blago.&nbsp;<\/p>\n\n\n\n<p>O Ljilji je njena prijateljica i poznata peva\u010dica Ned\u017emije Pagaru\u0161a govorila:&nbsp;<\/p>\n\n\n\n<p>\u201eLjiljijana \u010cavoli je izvanredna peva\u010dica. Bila je i&nbsp; dalje je danas! Ona je pevala sa istim uspehom kako u zabavnoj muzici, tako i u narodnoj. Ljiljijana je predivan sopran. Danas i dalje mo\u017ee da izvodi u\u017eive nastupe. Nikad ne bi pristala da peva \u201eplejbek\u201c\u201c.&nbsp;&nbsp;<\/p>\n\n\n\n<p>Sami Piraj, kompozitor i muzi\u010dki novinar, opisao je Ljiljijanu kao peva\u010dicu sa \u201e karakteristi\u010dnim, jasnim tembrom, toplom vokacijom, oblikovani koloritom i jasnom dikcijom \u0161to su osnovne kalibra afirmisanih peva\u010da.&nbsp;<\/p>\n\n\n\n<p>\u201eLjiljijana ostaje prepoznatljiva u na\u0161oj pesmi zahvaljuju\u0107i ovim osobinama. Ona svakom izvo\u0111enju pesama ne \u017eeli da ostane uobi\u010dajena. Naprotiv, do\u017eivljaj nota sa tekstom ostaje preokupacija da se do maksimuma izvaja ono \u0161to su bili i ostali sinonim za na\u0161e velike peva\u010de kao \u0161to su Ned\u017emije Pagaru\u0161a, Vace Zelja, Hafsa Ziberi, Nailje Hod\u017ea, Fitnete Red\u017ea, \u0160presa Ga\u0161i, \u0160ahindere Brljajoli itd.\u201c&nbsp;<\/p>\n\n\n\n<p>Ljilijanino detinjstvo nije bilo lako, jer je njen otac bio stalno proganjan od strane tada\u0161njeg re\u017eima.&nbsp;<\/p>\n\n\n\n<p>\u201eUvek je postojala harmonija kada smo bili zajedno &#8211; majka, otac i dva brata, Me\u0111utim, tu skladnost su poremetili progoni i zatvaranje mog oca\u201c, izjavila je Ljilijjana u intervjuima za kosovske medije.&nbsp;<\/p>\n\n\n\n<p>\u201eKarijera me je ispunjavala sre\u0107om, ali kada mi se 1972.godine rodila \u0107erka, imala sam ose\u0107aj da je ceo svet moj&#8220;, izjavila je Lili govore\u0107i o vremenu kada je Irena do\u0161la na svet.&nbsp;<\/p>\n\n\n\n<p>Irena, koja \u017eivi u Londonu, smatra da njena majka Ljiljijana nije u potpunosti razvila svoj potencijal.&nbsp;<\/p>\n\n\n\n<p>\u201eMislim da je mogla posti\u0107i vi\u0161e, i tu\u017eno me je \u0161to ve\u0107 du\u017ee vreme nije pevala. Sada ima jo\u0161 bolji glas, ali nije u mogu\u0107nosti da ostvari pesme. Na\u017ealost, nisam se obogatila tokom mog \u017eivota u inostranstvu da bih joj pomogla da postigne jo\u0161 vi\u0161e \u201c, rekla je Irena.&nbsp;<\/p>\n\n\n\n<p>Da li je zaista pesma ili ne\u0161to drugo ostala neostvarena \u017eelja u Ljilaninom \u017eivotu?&nbsp;<\/p>\n\n\n\n<p>\u201eJako sam \u017eelela da se bavim klasi\u010dnom muzikom. Imala sam sve predispozicije da postanem operska peva\u010dica, ali se to nije dogodilo. Do\u0161la sam na Kosovo, po\u010dela sam da pevam&#8230; Ponele su me vode zabave, zabavne, popularne muzike, zaposlila sam se&#8230; Tako da se i sama nisam anga\u017eovala kako bih ispunila ovu \u017eelju, ali to \u017eelim mladim talentima. Postoji mnogo njih koji zaista mogu to da ostvare. Savetovala bih ih da ne da pevaju po kafi\u0107ima, ve\u0107 da sa\u010duvaju svoj glas, da se obrazuju, jer \u0107e jednog dana ovaj segment sigurno funkcionisati kako treba\u201c, rekla je Ljiljijana \u010cavoli u intervjuu za Radio Kosovo.&nbsp;<\/p>\n\n\n\n<p>Ljiljijana \u010cavoli je ro\u0111ena 1942. godine, a preminula je 2015. godine.\u00a0<\/p>\n\n\n\n<p>L<\/p>\n","protected":false},"excerpt":{"rendered":"<p>\u202fLjiljijana \u010cavoli je ostavila neizbrisiv trag u istoriji kosovske muzike, ostaviv\u0161i iza sebe vi\u0161e od 300 pesama koje \u0107e \u017eiveti zauvek.\u00a0\u00a0 Ona je bila me\u0111u prvim peva\u010dicama na Kosovu, koja je zavr\u0161ila muzi\u010dku \u0161kolu, u vreme kada je ostvarivanje takvog sna predstavljalo izazov. Ljiljijana nije bila voljena samo zbog muzike koju je pru\u017eala, ve\u0107 je [&hellip;]<\/p>\n","protected":false},"author":12,"featured_media":3360795,"comment_status":"closed","ping_status":"closed","sticky":false,"template":"","format":"standard","meta":{"_FSMCFIC_featured_image_caption":"","_FSMCFIC_featured_image_nocaption":"","_FSMCFIC_featured_image_hide":"","footnotes":""},"categories":[59],"tags":[],"class_list":["post-3361071","post","type-post","status-publish","format-standard","has-post-thumbnail","hentry","category-vesti"],"acf":[],"_links":{"self":[{"href":"https:\/\/womensnetwork.org\/sr\/wp-json\/wp\/v2\/posts\/3361071","targetHints":{"allow":["GET"]}}],"collection":[{"href":"https:\/\/womensnetwork.org\/sr\/wp-json\/wp\/v2\/posts"}],"about":[{"href":"https:\/\/womensnetwork.org\/sr\/wp-json\/wp\/v2\/types\/post"}],"author":[{"embeddable":true,"href":"https:\/\/womensnetwork.org\/sr\/wp-json\/wp\/v2\/users\/12"}],"replies":[{"embeddable":true,"href":"https:\/\/womensnetwork.org\/sr\/wp-json\/wp\/v2\/comments?post=3361071"}],"version-history":[{"count":1,"href":"https:\/\/womensnetwork.org\/sr\/wp-json\/wp\/v2\/posts\/3361071\/revisions"}],"predecessor-version":[{"id":3361072,"href":"https:\/\/womensnetwork.org\/sr\/wp-json\/wp\/v2\/posts\/3361071\/revisions\/3361072"}],"wp:featuredmedia":[{"embeddable":true,"href":"https:\/\/womensnetwork.org\/sr\/wp-json\/wp\/v2\/media\/3360795"}],"wp:attachment":[{"href":"https:\/\/womensnetwork.org\/sr\/wp-json\/wp\/v2\/media?parent=3361071"}],"wp:term":[{"taxonomy":"category","embeddable":true,"href":"https:\/\/womensnetwork.org\/sr\/wp-json\/wp\/v2\/categories?post=3361071"},{"taxonomy":"post_tag","embeddable":true,"href":"https:\/\/womensnetwork.org\/sr\/wp-json\/wp\/v2\/tags?post=3361071"}],"curies":[{"name":"wp","href":"https:\/\/api.w.org\/{rel}","templated":true}]}}