{"id":3361334,"date":"2023-12-05T20:07:00","date_gmt":"2023-12-05T20:07:00","guid":{"rendered":"https:\/\/womensnetwork.org\/?p=3361334"},"modified":"2023-12-29T08:09:07","modified_gmt":"2023-12-29T08:09:07","slug":"pristup-zena-i-devojaka-rae-zajednica-zdravstvenim-uslugama-nedovoljan","status":"publish","type":"post","link":"https:\/\/womensnetwork.org\/sr\/pristup-zena-i-devojaka-rae-zajednica-zdravstvenim-uslugama-nedovoljan\/","title":{"rendered":"Pristup \u017eena i devojaka RAE zajednica zdravstvenim uslugama, nedovoljan"},"content":{"rendered":"\n<p>Organizacija \u010dlanica Mre\u017ee \u017eena Kosova \u201eEcoKosWomen\u201c (EKW) odr\u017eala je informativni okrugli sto na temu \u201ePravo na kvalitetnu zdravstvenu za\u0161titu\u201c.<\/p>\n\n\n\n<p>Ovaj sto je imao za cilj da zagovara pobolj\u0161anje pristupa kvalitetnoj zdravstvenoj za\u0161titi za Romkinje, A\u0161kalijke i Egip\u0107anke kod lokalnih institucija, kao i re\u0161avanje problema i izazova sa kojima se susre\u0107u tokom njihovog pristupa primarnoj zdravstvenoj za\u0161titi.<\/p>\n\n\n\n<figure class=\"wp-block-image size-large\"><img fetchpriority=\"high\" decoding=\"async\" width=\"1024\" height=\"768\" src=\"https:\/\/womensnetwork.org\/wp-content\/uploads\/2023\/12\/image-21-1024x768.png\" alt=\"\" class=\"wp-image-3361335\" srcset=\"https:\/\/womensnetwork.org\/wp-content\/uploads\/2023\/12\/image-21-1024x768.png 1024w, https:\/\/womensnetwork.org\/wp-content\/uploads\/2023\/12\/image-21-300x225.png 300w, https:\/\/womensnetwork.org\/wp-content\/uploads\/2023\/12\/image-21-768x576.png 768w, https:\/\/womensnetwork.org\/wp-content\/uploads\/2023\/12\/image-21-265x200.png 265w, https:\/\/womensnetwork.org\/wp-content\/uploads\/2023\/12\/image-21.png 1536w\" sizes=\"(max-width: 1024px) 100vw, 1024px\" \/><\/figure>\n\n\n\n<p>Q\u00ebndresa Ademi iz romske zajednice, odbornica u op\u0161tini Kosovo Polje, rekla je da pristup kvalitetnim zdravstvenim uslugama me\u0111u romskom, a\u0161kalijskom i egipatskom zajednicom i dalje ostaje diskriminatoran, ali kako ona ka\u017ee, do\u0161lo je do pobolj\u0161anja tokom godina.<\/p>\n\n\n\n<p>\u201eRazgovarala sam sa \u017eenama budu\u0107i da ih predstavljam u Skup\u0161tini op\u0161tine i trenutna situacija \u017eena i devojaka u pogledu pristupa zdravlju ostaje te\u0161ka, zbog ekonomskih uslova. Naro\u010dito je hrom pristup ginekologu jer se tu doga\u0111a najve\u0107a diskriminacija. To je posledica te\u0161kih ekonomskih uslova, nedostatka vode za pi\u0107e, a pregledi \u017eena se \u010desto ne vr\u0161e jer su i sami lekari pokazali agresivan pristup \u017eenama, govore\u0107i im da treba da budu \u010distije. \u201ePote\u0161ko\u0107e se obi\u010dno javljaju u nedostatku lekara u naselju, nemaju organizovan prevoz, pa je pristup ote\u017ean\u201c, rekla je ona.<\/p>\n\n\n\n<p>Nita Ferizi Sadiku, istra\u017eiva\u010d projekta, rekla je da nalazi istra\u017eivanja pokazuju da \u017eene iz romske, a\u0161kalijske i egipatske zajednice nemaju informacije o primarnoj zdravstvenoj za\u0161titi koja se nudi u okviru GCPM-a. Dakle, u nedostatku informacija obi\u010dno se upu\u0107uju na tercijarnu negu, KUCK ili \u010dak na privatne klinike, \u0161to se ispostavlja da je zabrinjavaju\u0107e, po\u0161to informacije nedostaju.<\/p>\n\n\n\n<figure class=\"wp-block-image size-large\"><img decoding=\"async\" width=\"1024\" height=\"768\" src=\"https:\/\/womensnetwork.org\/wp-content\/uploads\/2023\/12\/image-22-1024x768.png\" alt=\"\" class=\"wp-image-3361338\" srcset=\"https:\/\/womensnetwork.org\/wp-content\/uploads\/2023\/12\/image-22-1024x768.png 1024w, https:\/\/womensnetwork.org\/wp-content\/uploads\/2023\/12\/image-22-300x225.png 300w, https:\/\/womensnetwork.org\/wp-content\/uploads\/2023\/12\/image-22-768x576.png 768w, https:\/\/womensnetwork.org\/wp-content\/uploads\/2023\/12\/image-22-265x200.png 265w, https:\/\/womensnetwork.org\/wp-content\/uploads\/2023\/12\/image-22.png 1536w\" sizes=\"(max-width: 1024px) 100vw, 1024px\" \/><\/figure>\n\n\n\n<p>\u201ePodaci istra\u017eivanja pokazuju da zdravstvene usluge koje nedostaju u op\u0161tini Kosovo Polje u GCPM-u, jesu prisustvo specijaliste ginekologa i pedijatra, i to je bio zahtev zajednica, po\u0161to to smatraju neophodnim. \u0160to se ti\u010de povreda prava na zdravstvenu za\u0161titu, oko 60 odsto ispitanika navodi da nema saznanja o povredama, ili ne znaju da prijave, odnosno ne znaju prava koja im pripadaju zakonom\u201c, rekla je ona.<\/p>\n\n\n\n<p>Remzi Shala, \u0161ef Centra porodi\u010dne medicine u Kosovu Polju, u\u010desnik okruglog stola, rekao je da u pogledu zdravstvenih usluga, \u201everujem da smo poku\u0161ali da budemo inkluzivni i ravnopravni u pru\u017eanju kvalitetnih zdravstvenih usluga dostupnih ovoj kategoriji sa posebnim akcentom na Kosovo Polje\u201c.<\/p>\n\n\n\n<p>\u201eJa sam li\u010dno digao glas u Skup\u0161tini op\u0161tine da ne pravimo razlike u pru\u017eanju zdravstvenih usluga, jer su one obavezne i moraju biti ravnopravne. Mislim da su usluge koje se nude jednake. Posebnu pa\u017enju smo posvetili vakcinaciji, palijativnoj nezi i mislim da treba da damo jo\u0161 vi\u0161e po\u0161to su romska, a\u0161kalijska i egipatska zajednica u najlo\u0161ijim ekonomskim uslovima, i mislim da se u op\u0161tini Kosovo Polje ose\u0107aju dobro jer tu nema podele u pru\u017eanju zdravstvenih usluga. Zajednice su prihva\u0107ene sa jednakim pravima\u201c, rekao je on.<\/p>\n\n\n\n<p>Ovaj okrugli sto se organizuje u okviru projekta \u201ePromocija zdravstvene za\u0161tite \u2013 neophodan deo \u017eivota\u201c.<\/p>\n\n\n\n<p>Organizacija \u201eEcoKosWomen\u201c je ovu aktivnost sprovela kao korisnik 18. runde Fonda \u017eena Kosova, kroz inicijativu M\u017dK-a \u201eUnapre\u0111enje inicijative za \u017eenska prava\u201c, koju finansira Austrijska razvojna agencija (ADA) i ko-finansira \u0160vedska agencija za me\u0111unarodnu saradnju i razvoj (Sida).<\/p>\n","protected":false},"excerpt":{"rendered":"<p>Organizacija \u010dlanica Mre\u017ee \u017eena Kosova \u201eEcoKosWomen\u201c (EKW) odr\u017eala je informativni okrugli sto na temu \u201ePravo na kvalitetnu zdravstvenu za\u0161titu\u201c. Ovaj sto je imao za cilj da zagovara pobolj\u0161anje pristupa kvalitetnoj zdravstvenoj za\u0161titi za Romkinje, A\u0161kalijke i Egip\u0107anke kod lokalnih institucija, kao i re\u0161avanje problema i izazova sa kojima se susre\u0107u tokom njihovog pristupa primarnoj zdravstvenoj [&hellip;]<\/p>\n","protected":false},"author":12,"featured_media":3361166,"comment_status":"closed","ping_status":"closed","sticky":false,"template":"","format":"standard","meta":{"_FSMCFIC_featured_image_caption":"","_FSMCFIC_featured_image_nocaption":"","_FSMCFIC_featured_image_hide":"","footnotes":""},"categories":[59],"tags":[],"class_list":["post-3361334","post","type-post","status-publish","format-standard","has-post-thumbnail","hentry","category-vesti"],"acf":[],"_links":{"self":[{"href":"https:\/\/womensnetwork.org\/sr\/wp-json\/wp\/v2\/posts\/3361334","targetHints":{"allow":["GET"]}}],"collection":[{"href":"https:\/\/womensnetwork.org\/sr\/wp-json\/wp\/v2\/posts"}],"about":[{"href":"https:\/\/womensnetwork.org\/sr\/wp-json\/wp\/v2\/types\/post"}],"author":[{"embeddable":true,"href":"https:\/\/womensnetwork.org\/sr\/wp-json\/wp\/v2\/users\/12"}],"replies":[{"embeddable":true,"href":"https:\/\/womensnetwork.org\/sr\/wp-json\/wp\/v2\/comments?post=3361334"}],"version-history":[{"count":1,"href":"https:\/\/womensnetwork.org\/sr\/wp-json\/wp\/v2\/posts\/3361334\/revisions"}],"predecessor-version":[{"id":3361341,"href":"https:\/\/womensnetwork.org\/sr\/wp-json\/wp\/v2\/posts\/3361334\/revisions\/3361341"}],"wp:featuredmedia":[{"embeddable":true,"href":"https:\/\/womensnetwork.org\/sr\/wp-json\/wp\/v2\/media\/3361166"}],"wp:attachment":[{"href":"https:\/\/womensnetwork.org\/sr\/wp-json\/wp\/v2\/media?parent=3361334"}],"wp:term":[{"taxonomy":"category","embeddable":true,"href":"https:\/\/womensnetwork.org\/sr\/wp-json\/wp\/v2\/categories?post=3361334"},{"taxonomy":"post_tag","embeddable":true,"href":"https:\/\/womensnetwork.org\/sr\/wp-json\/wp\/v2\/tags?post=3361334"}],"curies":[{"name":"wp","href":"https:\/\/api.w.org\/{rel}","templated":true}]}}