{"id":3361351,"date":"2023-12-01T20:13:00","date_gmt":"2023-12-01T20:13:00","guid":{"rendered":"https:\/\/womensnetwork.org\/?p=3361351"},"modified":"2023-12-29T08:14:18","modified_gmt":"2023-12-29T08:14:18","slug":"mzk-zahteva-fer-pristup-resavanju-ubistva-liridone-ademi-murseli","status":"publish","type":"post","link":"https:\/\/womensnetwork.org\/sr\/mzk-zahteva-fer-pristup-resavanju-ubistva-liridone-ademi-murseli\/","title":{"rendered":"M\u017dK zahteva fer pristup re\u0161avanju ubistva Liridone Ademi Murseli"},"content":{"rendered":"\n<p>M\u017dK izra\u017eava zabrinutost da se sumnja da je jo\u0161 jedan slu\u010daj ubistva \u017eene femicid. Nakon vesti o hap\u0161enju supruga \u017ertve Liridone Murseli, ubijene 29. novembra u selu Sinidol kod Pri\u0161tine, Mre\u017ea \u017eena Kosova (M\u017dK) zahteva da se istraga ovog slu\u010daja povede hitno i pravi\u010dno kako bi se rasvetlila ova tragedija.<\/p>\n\n\n\n<p>M\u017dK zahteva od institucija da se predmet kvalifikuje kao \u201eTe\u0161ko ubistvo\u201c i kazni u skladu sa Krivi\u010dnim zakonikom Republike Kosovo.<\/p>\n\n\n\n<p>Pozivamo Centar za socijalni rad da se zala\u017ee za dobrobit dece.<\/p>\n\n\n\n<p>M\u017dK zahteva istragu ovog slu\u010daja do poslednjeg dokaza, kao i maksimalnu kaznu za optu\u017eene. Tako\u0111e, M\u017dK \u0107e pratiti institucionalni odgovor na ovaj slu\u010daj i na sve slu\u010dajeve rodno zasnovanog nasilja.<\/p>\n\n\n\n<p>M\u017dK ostaje otvorena za saradnju i pomo\u0107 \u017ertvama rodno zasnovanog nasilja kroz besplatno pravno savetovanje i upu\u0107ivanje relevantnim institucijama. Ukoliko Vam je potrebna besplatna pravna pomo\u0107 u slu\u010dajevima rodno zasnovanog nasilja, ili poznajete nekoga kome je potrebna, kontaktirajte nas na broj: 048 105 800.<\/p>\n","protected":false},"excerpt":{"rendered":"<p>M\u017dK izra\u017eava zabrinutost da se sumnja da je jo\u0161 jedan slu\u010daj ubistva \u017eene femicid. Nakon vesti o hap\u0161enju supruga \u017ertve Liridone Murseli, ubijene 29. novembra u selu Sinidol kod Pri\u0161tine, Mre\u017ea \u017eena Kosova (M\u017dK) zahteva da se istraga ovog slu\u010daja povede hitno i pravi\u010dno kako bi se rasvetlila ova tragedija. M\u017dK zahteva od institucija da [&hellip;]<\/p>\n","protected":false},"author":12,"featured_media":3358276,"comment_status":"closed","ping_status":"closed","sticky":false,"template":"","format":"standard","meta":{"_FSMCFIC_featured_image_caption":"","_FSMCFIC_featured_image_nocaption":"","_FSMCFIC_featured_image_hide":"","footnotes":""},"categories":[83],"tags":[],"class_list":["post-3361351","post","type-post","status-publish","format-standard","has-post-thumbnail","hentry","category-sapostenje-za-stampu"],"acf":[],"_links":{"self":[{"href":"https:\/\/womensnetwork.org\/sr\/wp-json\/wp\/v2\/posts\/3361351","targetHints":{"allow":["GET"]}}],"collection":[{"href":"https:\/\/womensnetwork.org\/sr\/wp-json\/wp\/v2\/posts"}],"about":[{"href":"https:\/\/womensnetwork.org\/sr\/wp-json\/wp\/v2\/types\/post"}],"author":[{"embeddable":true,"href":"https:\/\/womensnetwork.org\/sr\/wp-json\/wp\/v2\/users\/12"}],"replies":[{"embeddable":true,"href":"https:\/\/womensnetwork.org\/sr\/wp-json\/wp\/v2\/comments?post=3361351"}],"version-history":[{"count":1,"href":"https:\/\/womensnetwork.org\/sr\/wp-json\/wp\/v2\/posts\/3361351\/revisions"}],"predecessor-version":[{"id":3361352,"href":"https:\/\/womensnetwork.org\/sr\/wp-json\/wp\/v2\/posts\/3361351\/revisions\/3361352"}],"wp:featuredmedia":[{"embeddable":true,"href":"https:\/\/womensnetwork.org\/sr\/wp-json\/wp\/v2\/media\/3358276"}],"wp:attachment":[{"href":"https:\/\/womensnetwork.org\/sr\/wp-json\/wp\/v2\/media?parent=3361351"}],"wp:term":[{"taxonomy":"category","embeddable":true,"href":"https:\/\/womensnetwork.org\/sr\/wp-json\/wp\/v2\/categories?post=3361351"},{"taxonomy":"post_tag","embeddable":true,"href":"https:\/\/womensnetwork.org\/sr\/wp-json\/wp\/v2\/tags?post=3361351"}],"curies":[{"name":"wp","href":"https:\/\/api.w.org\/{rel}","templated":true}]}}