{"id":3361375,"date":"2023-12-27T20:24:00","date_gmt":"2023-12-27T20:24:00","guid":{"rendered":"https:\/\/womensnetwork.org\/?p=3361375"},"modified":"2023-12-29T08:25:34","modified_gmt":"2023-12-29T08:25:34","slug":"odbor-mzk-a-odrzao-je-poslednji-sastanak-za-2023-godinu","status":"publish","type":"post","link":"https:\/\/womensnetwork.org\/sr\/odbor-mzk-a-odrzao-je-poslednji-sastanak-za-2023-godinu\/","title":{"rendered":"Odbor M\u017dK-a odr\u017eao je poslednji sastanak za 2023. godinu"},"content":{"rendered":"\n<p>Izvr\u0161ni odbor Mre\u017ee \u017eena Kosova (M\u017dK) zajedno sa menad\u017eerskim timom M\u017dK-a, zaklju\u010dio je godinu poslednjim sastankom za 2023. Ovo je bio tre\u0107i po redu sastanak koji je odr\u017ean onlajn 17. novembra.<\/p>\n\n\n\n<p>Tokom sastanka, Odboru je predstavljen narativni izve\u0161taj o sprovo\u0111enju programa <a href=\"chrome-extension:\/\/efaidnbmnnnibpcajpcglclefindmkaj\/https:\/womensnetwork.org\/wp-content\/uploads\/2023\/06\/Strategjia-e-RrGK-2023-2026-1.pdf\">Strategije M\u017dK-a za 2023-2026. godinu<\/a> i finansijski izve\u0161taj, koji su jednoglasno usvojeni. Dalje, razgovarano je o razli\u010ditim va\u017enim pitanjima, vezanim za izazove i dostignu\u0107a kroz razli\u010dite aktivnosti, zagovaranje, sastanke, kao i vezano za prikupljanje fondova za budu\u0107nost. Budu\u0107i da \u0107e Godi\u0161nja skup\u0161tina \u010dlanica, koja se obi\u010dno odr\u017eava u decembru, biti odlo\u017eena za prve mesece 2024. godine, zbog izmena Statuta M\u017dK-a i u skladu sa revidiranim Zakonom o slobodi udru\u017eivanja u nevladine organizacije, \u010dlanice odbora su odlu\u010dile: 1) mandat \u010dlanica odbora traje do naredne godi\u0161nje skup\u0161tine, na kojoj se biraju nove \u010dlanice, za one kojima se mandat zavr\u0161ava; 2) Poslednja sednica Odbora, na kojoj M\u017dK izve\u0161tava za poslednji deo godine, odla\u017ee se za po\u010detak slede\u0107e godine kada su sve informacije potpune.<\/p>\n\n\n\n<p>Tokom ovog sastanka koji je trajao oko dva sata, \u010dlanice Odbora dale su svoj vredan doprinos, gde konstantno podr\u017eavaju i nude ideje za prevazila\u017eenje svakog izazova koji se pojavi, a istovremeno cene zajedni\u010dka dostignu\u0107a tokom godina. S tim u vezi, u cilju diskusije i razvoja mnogih ideja o kojima se razgovaralo tokom sastanka, Odbor je zajedno sa M\u017dK-om dogovorio da organizuje radionicu 2024. godine.<\/p>\n\n\n\n<p>M\u017dK sna\u017eno veruje u va\u017enost transparentnosti i odgovornosti za najbolje funkcionisanje organizacije, stoga je odgovorna za izve\u0161tavanje Skup\u0161tini \u010dlanica svake godine, kao i Izvr\u0161nom odboru kao posredni\u010dkom i veoma va\u017enom telu. Stoga je M\u017dK uvek zahvalna svima na kontinuiranoj saradnji i nepo\u0161tednoj podr\u0161ci tokom godina, ka unapre\u0111enju prava \u017eena i rodne ravnopravnosti na Kosovu i \u0161ire.<\/p>\n","protected":false},"excerpt":{"rendered":"<p>Izvr\u0161ni odbor Mre\u017ee \u017eena Kosova (M\u017dK) zajedno sa menad\u017eerskim timom M\u017dK-a, zaklju\u010dio je godinu poslednjim sastankom za 2023. Ovo je bio tre\u0107i po redu sastanak koji je odr\u017ean onlajn 17. novembra. Tokom sastanka, Odboru je predstavljen narativni izve\u0161taj o sprovo\u0111enju programa Strategije M\u017dK-a za 2023-2026. godinu i finansijski izve\u0161taj, koji su jednoglasno usvojeni. Dalje, razgovarano [&hellip;]<\/p>\n","protected":false},"author":12,"featured_media":3358276,"comment_status":"closed","ping_status":"closed","sticky":false,"template":"","format":"standard","meta":{"_FSMCFIC_featured_image_caption":"","_FSMCFIC_featured_image_nocaption":"","_FSMCFIC_featured_image_hide":"","footnotes":""},"categories":[59],"tags":[],"class_list":["post-3361375","post","type-post","status-publish","format-standard","has-post-thumbnail","hentry","category-vesti"],"acf":[],"_links":{"self":[{"href":"https:\/\/womensnetwork.org\/sr\/wp-json\/wp\/v2\/posts\/3361375","targetHints":{"allow":["GET"]}}],"collection":[{"href":"https:\/\/womensnetwork.org\/sr\/wp-json\/wp\/v2\/posts"}],"about":[{"href":"https:\/\/womensnetwork.org\/sr\/wp-json\/wp\/v2\/types\/post"}],"author":[{"embeddable":true,"href":"https:\/\/womensnetwork.org\/sr\/wp-json\/wp\/v2\/users\/12"}],"replies":[{"embeddable":true,"href":"https:\/\/womensnetwork.org\/sr\/wp-json\/wp\/v2\/comments?post=3361375"}],"version-history":[{"count":1,"href":"https:\/\/womensnetwork.org\/sr\/wp-json\/wp\/v2\/posts\/3361375\/revisions"}],"predecessor-version":[{"id":3361376,"href":"https:\/\/womensnetwork.org\/sr\/wp-json\/wp\/v2\/posts\/3361375\/revisions\/3361376"}],"wp:featuredmedia":[{"embeddable":true,"href":"https:\/\/womensnetwork.org\/sr\/wp-json\/wp\/v2\/media\/3358276"}],"wp:attachment":[{"href":"https:\/\/womensnetwork.org\/sr\/wp-json\/wp\/v2\/media?parent=3361375"}],"wp:term":[{"taxonomy":"category","embeddable":true,"href":"https:\/\/womensnetwork.org\/sr\/wp-json\/wp\/v2\/categories?post=3361375"},{"taxonomy":"post_tag","embeddable":true,"href":"https:\/\/womensnetwork.org\/sr\/wp-json\/wp\/v2\/tags?post=3361375"}],"curies":[{"name":"wp","href":"https:\/\/api.w.org\/{rel}","templated":true}]}}