{"id":3361496,"date":"2024-01-24T09:58:15","date_gmt":"2024-01-24T09:58:15","guid":{"rendered":"https:\/\/womensnetwork.org\/?p=3361496"},"modified":"2024-02-01T09:59:02","modified_gmt":"2024-02-01T09:59:02","slug":"ecokoswomen-promovise-zdravstvenu-zastitu-u-zajednicama-u-kosovu-polju","status":"publish","type":"post","link":"https:\/\/womensnetwork.org\/sr\/ecokoswomen-promovise-zdravstvenu-zastitu-u-zajednicama-u-kosovu-polju\/","title":{"rendered":"EcoKosWomen promovi\u0161e zdravstvenu za\u0161titu u zajednicama u Kosovu Polju"},"content":{"rendered":"\n<p>Organizacija \u010dlanica Mre\u017ee \u017eena Kosova, EcoKosWomen, uspe\u0161no je zavr\u0161ila inicijativu \u201ePromovisanje zdravstvene za\u0161tite, neophodan deo \u017eivota\u201c, zahvaljujuj\u0107i grantu Fonda \u017eena Kosova.<\/p>\n\n\n\n<p>Ova organizacija je u periodu od pet meseci uspela da podigne svest \u017eena iz romske, a\u0161kalijske i egipatskee zajednice o njihovim pravima na kvalitetnu zdravstvenu za\u0161titu, reproduktivnom zdravlju i odr\u017eavanju menstrualne higijene, kr\u0161enjima ovog prava i njihovom prijavljivanju.<\/p>\n\n\n\n<p>\u017dene iz op\u0161tine Kosovo Polje koje su u\u010destvovale u aktivnostima EcoKosWomen stekle su znanje i povelju o pravima pacijenata.<\/p>\n\n\n\n<p>Kroz istra\u017eivanje, projekat je istakao izazove i mogu\u0107nosti olak\u0161avanja pristupa zdravstvenoj za\u0161titi za \u017eene ovih zajednica, kao i predstavljanje nalaza na okruglom stolu odr\u017eanom sa u\u010desnicima iz razli\u010ditih oblasti i uticajnim ljudima, donosiocima odluka, uticao je na pokretanje problema i izazova na koje ove \u017eene nailaze tokom pristupa kvalitetnoj zdravstvenoj za\u0161titi.<\/p>\n\n\n\n<p>Tako\u0111e, organizacija je razgovarala i zalagala se za relevantna pitanja sa \u0161est predstavnika op\u0161tine Kosovo Polje, o va\u017enosti pobolj\u0161anja i olak\u0161avanja pristupa kvalitetnoj zdravstvenoj za\u0161titi, kao i promovi\u0161u\u0107i stvaranje posebne bud\u017eetske linije za naredne godine za snabdevanje ni\u017eih srednjih \u0161kola sa higijenskim ulo\u0161cima, gde su korisnici i gra\u0111ani op\u0161tine Kosovo Polje, a ne samo gra\u0111ani iz romske, a\u0161kalijske i egipatske zajednice.<\/p>\n\n\n\n<p>Kako navode iz organizacije, 293 devojke su imale direktnu korist od njihovih aktivnosti, od \u010dega 179 Albanki, 96 A\u0161kalijki, 11 Egip\u0107anki, 3 Turkinje i 1 Romkinja iz O\u0160 \u201eSelman Riza\u201c gde su kroz predavanja podigle svest o svom pravu na kvalitetne zdravstvene usluge, zdravlju reproduktivnih organa, odnosno vo\u0111enju menstrualne higijene. Tako\u0111e, 38 Romkinja, A\u0161kalijki i Egip\u0107anki su direktne korisnice po\u0161to su u\u010destvovale u aktivnostima EcoKosWomen.<\/p>\n\n\n\n<p>Organizacija \u201eEcoKosWomen\u201c je ovu aktivnost sprovela kao korisnik 18. kruga Fonda \u017eena Kosova, kroz inicijativu M\u017dK-a \u201eUnapre\u0111enje inicijative za \u017eenska prava\u201c, koju finansira Austrijska razvojna agencija (ADA) i ko- finansira \u0160vedska agencija za me\u0111unarodnu saradnju i razvoj (Sida).<\/p>\n","protected":false},"excerpt":{"rendered":"<p>Organizacija \u010dlanica Mre\u017ee \u017eena Kosova, EcoKosWomen, uspe\u0161no je zavr\u0161ila inicijativu \u201ePromovisanje zdravstvene za\u0161tite, neophodan deo \u017eivota\u201c, zahvaljujuj\u0107i grantu Fonda \u017eena Kosova. Ova organizacija je u periodu od pet meseci uspela da podigne svest \u017eena iz romske, a\u0161kalijske i egipatskee zajednice o njihovim pravima na kvalitetnu zdravstvenu za\u0161titu, reproduktivnom zdravlju i odr\u017eavanju menstrualne higijene, kr\u0161enjima ovog [&hellip;]<\/p>\n","protected":false},"author":12,"featured_media":3361466,"comment_status":"closed","ping_status":"closed","sticky":false,"template":"","format":"standard","meta":{"_FSMCFIC_featured_image_caption":"","_FSMCFIC_featured_image_nocaption":"","_FSMCFIC_featured_image_hide":"","footnotes":""},"categories":[59],"tags":[],"class_list":["post-3361496","post","type-post","status-publish","format-standard","has-post-thumbnail","hentry","category-vesti"],"acf":[],"_links":{"self":[{"href":"https:\/\/womensnetwork.org\/sr\/wp-json\/wp\/v2\/posts\/3361496","targetHints":{"allow":["GET"]}}],"collection":[{"href":"https:\/\/womensnetwork.org\/sr\/wp-json\/wp\/v2\/posts"}],"about":[{"href":"https:\/\/womensnetwork.org\/sr\/wp-json\/wp\/v2\/types\/post"}],"author":[{"embeddable":true,"href":"https:\/\/womensnetwork.org\/sr\/wp-json\/wp\/v2\/users\/12"}],"replies":[{"embeddable":true,"href":"https:\/\/womensnetwork.org\/sr\/wp-json\/wp\/v2\/comments?post=3361496"}],"version-history":[{"count":1,"href":"https:\/\/womensnetwork.org\/sr\/wp-json\/wp\/v2\/posts\/3361496\/revisions"}],"predecessor-version":[{"id":3361497,"href":"https:\/\/womensnetwork.org\/sr\/wp-json\/wp\/v2\/posts\/3361496\/revisions\/3361497"}],"wp:featuredmedia":[{"embeddable":true,"href":"https:\/\/womensnetwork.org\/sr\/wp-json\/wp\/v2\/media\/3361466"}],"wp:attachment":[{"href":"https:\/\/womensnetwork.org\/sr\/wp-json\/wp\/v2\/media?parent=3361496"}],"wp:term":[{"taxonomy":"category","embeddable":true,"href":"https:\/\/womensnetwork.org\/sr\/wp-json\/wp\/v2\/categories?post=3361496"},{"taxonomy":"post_tag","embeddable":true,"href":"https:\/\/womensnetwork.org\/sr\/wp-json\/wp\/v2\/tags?post=3361496"}],"curies":[{"name":"wp","href":"https:\/\/api.w.org\/{rel}","templated":true}]}}