{"id":3361514,"date":"2024-01-15T13:37:13","date_gmt":"2024-01-15T13:37:13","guid":{"rendered":"https:\/\/womensnetwork.org\/?p=3361514"},"modified":"2024-02-01T13:37:49","modified_gmt":"2024-02-01T13:37:49","slug":"zena-poljoprivrednica-uspesno-zavrsava-inicijativu-za-poboljsanje-pristupa-zena-zdravstvenoj-zastiti","status":"publish","type":"post","link":"https:\/\/womensnetwork.org\/sr\/zena-poljoprivrednica-uspesno-zavrsava-inicijativu-za-poboljsanje-pristupa-zena-zdravstvenoj-zastiti\/","title":{"rendered":"&#8222;\u017dena poljoprivrednica&#8220; uspe\u0161no zavr\u0161ava inicijativu za pobolj\u0161anje pristupa \u017eena zdravstvenoj za\u0161titi"},"content":{"rendered":"\n<p>Organizacija \u010dlanica Mre\u017ee \u017eena Kosova \u201e\u017dena poljoprivrednica (Gruaja Fermere)\u201c je tokom petomese\u010dnog perioda realizovala inicijativu \u201ePromovisanje primarne zdravstvene za\u0161tite za \u017eene u ruralnim sredinama\u201c.<\/p>\n\n\n\n<p>122 \u017eene i devojke iz op\u0161tine Orahovac i iz sela op\u0161tine Orahovac u Apteru\u0161i, Zatri\u0107u i Velikoj Kru\u0161i imale su koristi od ovog projekta, dok su indirektni korisnici oko 200 \u010dlanova porodica i njihovih bli\u017enjih.<\/p>\n\n\n\n<p>Op\u0161tinski zdravstveni slu\u017ebenici su tako\u0111e bili uklju\u010deni u ovu inicijativu, koji su informisani o trenutnoj situaciji u op\u0161tini Orahovac.<\/p>\n\n\n\n<p>U okviru ove inicijative, \u017dena poljoprivrednica je organizovala \u010detiri informativna sastanka sa ciljem podizanja svesti o kvalitetnoj zdravstvenoj za\u0161titi \u017eena i devojaka; \u010detiri predavanja sa \u017eenama i devojkama iz Orahovca, sela Apteru\u0161a, Velika Kru\u0161a i Zatri\u0107 i organizovala je sastanak zastupanja sa zvani\u010dnicima institucija.<\/p>\n\n\n\n<p>Prema re\u010dima \u017dene poljoprivrednice, sa ovih sastanaka 82 \u017eene su bile svesnije svojih prava na pristup kvalitetnoj zdravstvenoj za\u0161titi, a i vi\u0161e su bile informisane o mehanizmima prijavljivanja kr\u0161enja njihovih prava. Vi\u0161e \u017eena ohrabreno da se zala\u017eu za svoja prava na zdravstvenu za\u0161titu i da dokumentuju i prijavljuju kr\u0161enja.<\/p>\n\n\n\n<p>Tako\u0111e, preko 40 \u017eena je vi\u0161e informisano o bolestima i prevenciji bolesti kao \u0161to su: rak dojke, rak grli\u0107a materice, kao i tretiranja bolesti poput dijabetesa.<\/p>\n\n\n\n<p>Tako\u0111e, kroz sastanke zastupanja, \u017dena poljoprivrednica je uspela da podigne svest nekih op\u0161tinskih zvani\u010dnika i pru\u017ealaca usluga da pobolj\u0161aju pristup uslugama reproduktivnog zdravlja za \u017eene i devojke.<\/p>\n\n\n\n<p>\u017dena poljoprivrednica je ovu inicijativu sprovela kao korisnik 18. runde Fonda \u017eena Kosova, kroz inicijativu M\u017dK-a \u201eUnapre\u0111enje inicijative za \u017eenska prava\u201c, koju finansira Austrijska razvojna agencija (ADA) i sufinansira \u0160vedska agencija za me\u0111unarodnu saradnju i razvoj (Sida).<\/p>\n","protected":false},"excerpt":{"rendered":"<p>Organizacija \u010dlanica Mre\u017ee \u017eena Kosova \u201e\u017dena poljoprivrednica (Gruaja Fermere)\u201c je tokom petomese\u010dnog perioda realizovala inicijativu \u201ePromovisanje primarne zdravstvene za\u0161tite za \u017eene u ruralnim sredinama\u201c. 122 \u017eene i devojke iz op\u0161tine Orahovac i iz sela op\u0161tine Orahovac u Apteru\u0161i, Zatri\u0107u i Velikoj Kru\u0161i imale su koristi od ovog projekta, dok su indirektni korisnici oko 200 \u010dlanova [&hellip;]<\/p>\n","protected":false},"author":12,"featured_media":3361429,"comment_status":"closed","ping_status":"closed","sticky":false,"template":"","format":"standard","meta":{"_FSMCFIC_featured_image_caption":"","_FSMCFIC_featured_image_nocaption":"","_FSMCFIC_featured_image_hide":"","footnotes":""},"categories":[59],"tags":[],"class_list":["post-3361514","post","type-post","status-publish","format-standard","has-post-thumbnail","hentry","category-vesti"],"acf":[],"_links":{"self":[{"href":"https:\/\/womensnetwork.org\/sr\/wp-json\/wp\/v2\/posts\/3361514","targetHints":{"allow":["GET"]}}],"collection":[{"href":"https:\/\/womensnetwork.org\/sr\/wp-json\/wp\/v2\/posts"}],"about":[{"href":"https:\/\/womensnetwork.org\/sr\/wp-json\/wp\/v2\/types\/post"}],"author":[{"embeddable":true,"href":"https:\/\/womensnetwork.org\/sr\/wp-json\/wp\/v2\/users\/12"}],"replies":[{"embeddable":true,"href":"https:\/\/womensnetwork.org\/sr\/wp-json\/wp\/v2\/comments?post=3361514"}],"version-history":[{"count":1,"href":"https:\/\/womensnetwork.org\/sr\/wp-json\/wp\/v2\/posts\/3361514\/revisions"}],"predecessor-version":[{"id":3361515,"href":"https:\/\/womensnetwork.org\/sr\/wp-json\/wp\/v2\/posts\/3361514\/revisions\/3361515"}],"wp:featuredmedia":[{"embeddable":true,"href":"https:\/\/womensnetwork.org\/sr\/wp-json\/wp\/v2\/media\/3361429"}],"wp:attachment":[{"href":"https:\/\/womensnetwork.org\/sr\/wp-json\/wp\/v2\/media?parent=3361514"}],"wp:term":[{"taxonomy":"category","embeddable":true,"href":"https:\/\/womensnetwork.org\/sr\/wp-json\/wp\/v2\/categories?post=3361514"},{"taxonomy":"post_tag","embeddable":true,"href":"https:\/\/womensnetwork.org\/sr\/wp-json\/wp\/v2\/tags?post=3361514"}],"curies":[{"name":"wp","href":"https:\/\/api.w.org\/{rel}","templated":true}]}}