{"id":3361740,"date":"2024-03-06T10:48:21","date_gmt":"2024-03-06T10:48:21","guid":{"rendered":"https:\/\/womensnetwork.org\/?p=3361740"},"modified":"2024-03-06T10:48:24","modified_gmt":"2024-03-06T10:48:24","slug":"mzk-pokrece-istrazivanje-u-senci-rodna-analiza-neformalnog-rada-na-kosovu","status":"publish","type":"post","link":"https:\/\/womensnetwork.org\/sr\/mzk-pokrece-istrazivanje-u-senci-rodna-analiza-neformalnog-rada-na-kosovu\/","title":{"rendered":"M\u017dK pokre\u0107e istra\u017eivanje: U senci: Rodna analiza neformalnog rada na Kosovu"},"content":{"rendered":"\n<p>Pri\u0161tina, 27. februar 2024. \u2013 Mre\u017ea \u017eena Kosova (M\u017dK) objavila je svoj najnoviji istra\u017eiva\u010dki izve\u0161taj: <a href=\"https:\/\/womensnetwork.org\/publications\/in-the-shadows-a-gender-analysis-of-informal-work-in-kosovo-4\/\">U senci: Rodna analiza neformalnog rada na Kosovu<\/a>. Izve\u0161taj se bavi potrebom za rodnom analizom o anga\u017eovanju \u017eena i mu\u0161karaca u neformalnom sektoru, u cilju informisanja vladinih intervencija za re\u0161avanje neformalne ekonomije, obezbe\u0111uju\u0107i ne o\u0161tetljiv pristup zasnovan na dokazima.<\/p>\n\n\n\n<p>Istra\u017eivanje je pokazalo da je 42% Kosovara anga\u017eovano u neformalnom radu, a \u017eene imaju dvostruko ve\u0107e \u0161anse uklju\u010divanja u neformalni rad nasprem mu\u0161karaca. \u010cesto rade u senci, bez ugovora, stalnog zaposlenja, predvidljivog radnog vremena, pouzdanih prihoda i bezbednih radnih mesta. Nepla\u0107eni rad brige \u017eena, anga\u017eovanje u porodi\u010dnim preduze\u0107ima i poljoprivredni rad \u010desto su skriveni jo\u0161 dublje u senci. Posledice neformalnog rada uklju\u010duju nesigurno zaposlenje, nestabilan prihod, promenljivo radno vreme, nepla\u0107eni prekovremeni rad, ni\u017ee plate, ni\u017ee penzije, ograni\u010den pristup imovini, zdravstvene posledice, kr\u0161enje radnih prava i utaju poreza \u0161to doprinosi gubitku prihoda za dr\u017eavu.<\/p>\n\n\n\n<p>Vlada mo\u017ee da se pozabavi neformalno\u0161\u0107u uspostavljanjem progresivnijeg oporezivanja, unapre\u0111enjem inspekcije rada, \u0161irenjem svesti o radnim pravima i prednostima prijavljivanja rada, pojednostavljivanjem administrativnih procedura za podno\u0161enje poreza i pru\u017eanjem finansijskih podsticaja. Ja\u010danje sistema socijalne za\u0161tite i ulaganje mogu pretvoriti nepla\u0107eni i neformalni rad u formalni rad. Ovi napori moraju da se bave potrebama razli\u010ditih \u017eena i mu\u0161karaca, obezbe\u0111uju\u0107i njihovu za\u0161titu i dobrobit.<\/p>\n\n\n\n<p>Predstavljaju\u0107i Agenciju za rodnu ravnopravnost u Kancelariji premijera, Edi Gusia se zahvalila M\u017dK-a na ovom ozbiljnom izve\u0161taju. Ona je podvukla potrebu da se pozabavi neformalno\u0161\u0107u jer ona \u201eneproporcionalno uti\u010de na \u017eene\u201c, jer su \u201emanje pla\u0107ene i imaju manju sigurnost\u201c. Njihovi doprinosi moraju biti zakonski priznati, rekla je, uklju\u010duju\u0107i zdravstveno osiguranje i penzije.<\/p>\n\n\n\n<p>Edona Red\u017eepaj iz Kosovske agencije za statistiku rekla je da \u0107e Sekretarijat koji se bavi re\u0161avanjem neformalne ekonomije koristiti preporuke izve\u0161taja da informi\u0161e o predstoje\u0107oj vladinoj strategiji za re\u0161avanje neformalne ekonomije.<\/p>\n\n\n\n<p>Izvr\u0161na direktorica M\u017dK-a Igbale Rogova otvorila je doga\u0111aj, nagla\u0161avaju\u0107i hitnost Vlade da napreduje sa Zakonom o radu, kao \u0161to je ponovo nagla\u0161eno u ovom izve\u0161taju. Ambasador \u0160vedske na Kosovu NJ.E. Jonas Vesterlund je tako\u0111e rekao da vlada ima odgovornost da sprovede preporuke, uklju\u010duju\u0107i uskla\u0111ivanje Zakona o radu sa Direktivom EU o ravnote\u017ei izme\u0111u poslovnog i privatnog \u017eivota.<\/p>\n\n\n\n<p>\u201eSna\u017eno ohrabrujemo Vladu da pa\u017eljivo razmotri nalaze i preporuke, kao i da nastavi da anga\u017euje organizacije za \u017eenska prava i aktivistkinje sa ekspertizom u radnim grupama kako bi se osiguralo anga\u017eovanje civilnog dru\u0161tva u izradi rodno odgovornih i inkluzivnih politika\u201c, rekao je Alesandro Bianciardi, Zamenik \u0161efa za saradnju u Kancelariji EU na Kosovu.<\/p>\n\n\n\n<p>Ovu rodnu analizu sufinansirali su Evropska unija i \u0160vedska, kao deo Akcije Koalicije za rodnu ravnopravnost u procesu pristupanja EU (EQUAPRO) \u201eUnapre\u0111enje rodne ravnopravnosti kroz proces pristupanja EU\u201c. Izve\u0161taj je dostupan na M\u017dK <a href=\"https:\/\/womensnetwork.org\/publications\/in-the-shadows-a-gender-analysis-of-informal-work-in-kosovo-4\/\">stranici<\/a> na engleskom jeziku i bi\u0107e dostupan na albanskom i srpskom za nekoliko nedelja.<\/p>\n","protected":false},"excerpt":{"rendered":"<p>Pri\u0161tina, 27. februar 2024. \u2013 Mre\u017ea \u017eena Kosova (M\u017dK) objavila je svoj najnoviji istra\u017eiva\u010dki izve\u0161taj: U senci: Rodna analiza neformalnog rada na Kosovu. Izve\u0161taj se bavi potrebom za rodnom analizom o anga\u017eovanju \u017eena i mu\u0161karaca u neformalnom sektoru, u cilju informisanja vladinih intervencija za re\u0161avanje neformalne ekonomije, obezbe\u0111uju\u0107i ne o\u0161tetljiv pristup zasnovan na dokazima. Istra\u017eivanje [&hellip;]<\/p>\n","protected":false},"author":16,"featured_media":3361723,"comment_status":"closed","ping_status":"closed","sticky":false,"template":"","format":"standard","meta":{"_FSMCFIC_featured_image_caption":"","_FSMCFIC_featured_image_nocaption":"","_FSMCFIC_featured_image_hide":"","footnotes":""},"categories":[59],"tags":[],"class_list":["post-3361740","post","type-post","status-publish","format-standard","has-post-thumbnail","hentry","category-vesti"],"acf":[],"_links":{"self":[{"href":"https:\/\/womensnetwork.org\/sr\/wp-json\/wp\/v2\/posts\/3361740","targetHints":{"allow":["GET"]}}],"collection":[{"href":"https:\/\/womensnetwork.org\/sr\/wp-json\/wp\/v2\/posts"}],"about":[{"href":"https:\/\/womensnetwork.org\/sr\/wp-json\/wp\/v2\/types\/post"}],"author":[{"embeddable":true,"href":"https:\/\/womensnetwork.org\/sr\/wp-json\/wp\/v2\/users\/16"}],"replies":[{"embeddable":true,"href":"https:\/\/womensnetwork.org\/sr\/wp-json\/wp\/v2\/comments?post=3361740"}],"version-history":[{"count":1,"href":"https:\/\/womensnetwork.org\/sr\/wp-json\/wp\/v2\/posts\/3361740\/revisions"}],"predecessor-version":[{"id":3361741,"href":"https:\/\/womensnetwork.org\/sr\/wp-json\/wp\/v2\/posts\/3361740\/revisions\/3361741"}],"wp:featuredmedia":[{"embeddable":true,"href":"https:\/\/womensnetwork.org\/sr\/wp-json\/wp\/v2\/media\/3361723"}],"wp:attachment":[{"href":"https:\/\/womensnetwork.org\/sr\/wp-json\/wp\/v2\/media?parent=3361740"}],"wp:term":[{"taxonomy":"category","embeddable":true,"href":"https:\/\/womensnetwork.org\/sr\/wp-json\/wp\/v2\/categories?post=3361740"},{"taxonomy":"post_tag","embeddable":true,"href":"https:\/\/womensnetwork.org\/sr\/wp-json\/wp\/v2\/tags?post=3361740"}],"curies":[{"name":"wp","href":"https:\/\/api.w.org\/{rel}","templated":true}]}}