{"id":3363937,"date":"2024-11-21T15:22:56","date_gmt":"2024-11-21T15:22:56","guid":{"rendered":"https:\/\/womensnetwork.org\/?p=3363937"},"modified":"2024-11-22T09:29:09","modified_gmt":"2024-11-22T09:29:09","slug":"aktivistkinje-zagovaraju-rodno-odgovorno-pristupanje-eu-u-briselu","status":"publish","type":"post","link":"https:\/\/womensnetwork.org\/sr\/aktivistkinje-zagovaraju-rodno-odgovorno-pristupanje-eu-u-briselu\/","title":{"rendered":"Aktivistkinje zagovaraju rodno odgovorno pristupanje EU u Briselu"},"content":{"rendered":"\n<p>Pro\u0161le nedelje je Mre\u017ea \u017dena Kosova (M\u017dK), koju je predstavljala Nikol Farnsvort, zajedno sa \u010dlanicama M\u017dK-a, Kosovskim centrom za rodne studije (KCRS) i Udru\u017eenjem \u017eena Mitrovice za ljudska prava (U\u017dMLJP), u\u010destvovala na Evropskoj nedelji zagovaranja, koju svake godine organizuje Fondacija Kvinna till Kvinna u Briselu. Delegacija je zagovarala u solidarnosti sa drugim aktivistkinjama iz regiona Zapadnog Balkana, vode\u0107i zna\u010dajne i produktivne razgovore sa predstavnicima EU i partnerima iz civilnog dru\u0161tva, uklju\u010duju\u0107i predstavnike Evropske komisije, Evropske slu\u017ebe za spoljne poslove (EEAS) i Evropskog saveta.<\/p>\n\n\n\n<p>Kosovska delegacija se sastala sa predstavnicima Evropske komisije kako bi razgovarala o njenom Izve\u0161taju o Kosovu za 2024. godinu. Predlo\u017eili su kako bi izve\u0161taj mogao sadr\u017eati bolju rodnu perspektivu, pozivaju\u0107i se na Komentar izve\u0161taja. Izra\u017eene su zabrinutosti zbog neusagla\u0161enosti Zakona o lokalnim izborima i Zakona o op\u0161tim izborima sa Zakonom o rodnoj ravnopravnosti, \u010dime bi se obezbedilo 50% zastupljenost \u017eena u skup\u0161tinama uo\u010di predstoje\u0107ih izbora; potrebe za daljim radom na re\u0161avanju rodno zasnovanog nasilja, uklju\u010duju\u0107i sajber kriminal; neusvajanja Gra\u0111anskog zakonika od strane Skup\u0161tine Kosova, \u010dime se ugro\u017eavaju osnovna prava; povla\u010denja Zakona o radu iz zakonodavnog kalendara Vlade uprkos njegovoj klju\u010dnoj va\u017enosti za u\u010de\u0161\u0107e \u017eena na tr\u017ei\u0161tu rada; potrebe za za\u0161titom reproduktivnog zdravlja \u017eena kroz nekoliko predstoje\u0107ih zakona; i mogu\u0107nosti integracije rodne perspektive u reforme povezane sa digitalizacijom, u skladu sa preporukama M\u017dK-a zasnovanim na dokazima, finansiranim od strane EU i \u0160vedske. M\u017dK je naglasila potrebu za ve\u0107om transparentno\u0161\u0107u u vezi sa trenutnim izmenama zakona o javnim finansijama, kako bi se osiguralo da rodno odgovorno bud\u017eetiranje bude adekvatno institucionalizovano kroz njegovu uklju\u010denost u zakone o javnim finansijama i javnim nabavkama, u skladu sa globalnim najboljim praksama. M\u017dK je tako\u0111e izrazila zabrinutost zbog rodne neosetljivosti Plana rasta i potrebe za pra\u0107enjem kvaliteta njegove primene.<\/p>\n\n\n\n<figure class=\"wp-block-image size-large\"><img fetchpriority=\"high\" decoding=\"async\" width=\"1024\" height=\"670\" src=\"https:\/\/womensnetwork.org\/wp-content\/uploads\/2024\/11\/Johanna-de-Tessieres-1-1024x670.png\" alt=\"\" class=\"wp-image-3363930\" srcset=\"https:\/\/womensnetwork.org\/wp-content\/uploads\/2024\/11\/Johanna-de-Tessieres-1-1024x670.png 1024w, https:\/\/womensnetwork.org\/wp-content\/uploads\/2024\/11\/Johanna-de-Tessieres-1-300x196.png 300w, https:\/\/womensnetwork.org\/wp-content\/uploads\/2024\/11\/Johanna-de-Tessieres-1-768x502.png 768w, https:\/\/womensnetwork.org\/wp-content\/uploads\/2024\/11\/Johanna-de-Tessieres-1-1536x1005.png 1536w, https:\/\/womensnetwork.org\/wp-content\/uploads\/2024\/11\/Johanna-de-Tessieres-1.png 1656w\" sizes=\"(max-width: 1024px) 100vw, 1024px\" \/><\/figure>\n\n\n\n<p>Slika: Johanna de Tessieres<\/p>\n\n\n\n<p>Tokom sastanka sa EEAS-om, delegacija je razgovarala o zabrinutostima u vezi sa nedostatkom napretka u dijalogu izme\u0111u Kosova i Srbije koji se vodi uz posredstvo EU i nedovoljnim zna\u010dajnim anga\u017eovanjem \u017eena u dijalogu, posebno na lokalnom nivou. Razmatrane su i zabrinutosti u vezi sa kampanjama dezinformacija.<\/p>\n\n\n\n<p>M\u017dK se tako\u0111e sastala sa nekoliko drugih organizacija kako bi razgovarala o mogu\u0107nostima za saradnju, posebno u okviru predstoje\u0107eg zagovaranja planiranog sa Mre\u017eom rodnih bud\u017eetskih nadzornika, uklju\u010duju\u0107i Evropski \u017eenski lobi, Friends of Europe, Concord, ODI i UN Women, uz podr\u0161ku Austrijske razvojne agencije i \u0160vedske.<\/p>\n","protected":false},"excerpt":{"rendered":"<p>Pro\u0161le nedelje je Mre\u017ea \u017dena Kosova (M\u017dK), koju je predstavljala Nikol Farnsvort, zajedno sa \u010dlanicama M\u017dK-a, Kosovskim centrom za rodne studije (KCRS) i Udru\u017eenjem \u017eena Mitrovice za ljudska prava (U\u017dMLJP), u\u010destvovala na Evropskoj nedelji zagovaranja, koju svake godine organizuje Fondacija Kvinna till Kvinna u Briselu. Delegacija je zagovarala u solidarnosti sa drugim aktivistkinjama iz regiona [&hellip;]<\/p>\n","protected":false},"author":4,"featured_media":3363955,"comment_status":"closed","ping_status":"closed","sticky":false,"template":"","format":"standard","meta":{"_FSMCFIC_featured_image_caption":"","_FSMCFIC_featured_image_nocaption":"","_FSMCFIC_featured_image_hide":"","footnotes":""},"categories":[59],"tags":[],"class_list":["post-3363937","post","type-post","status-publish","format-standard","has-post-thumbnail","hentry","category-vesti"],"acf":[],"_links":{"self":[{"href":"https:\/\/womensnetwork.org\/sr\/wp-json\/wp\/v2\/posts\/3363937","targetHints":{"allow":["GET"]}}],"collection":[{"href":"https:\/\/womensnetwork.org\/sr\/wp-json\/wp\/v2\/posts"}],"about":[{"href":"https:\/\/womensnetwork.org\/sr\/wp-json\/wp\/v2\/types\/post"}],"author":[{"embeddable":true,"href":"https:\/\/womensnetwork.org\/sr\/wp-json\/wp\/v2\/users\/4"}],"replies":[{"embeddable":true,"href":"https:\/\/womensnetwork.org\/sr\/wp-json\/wp\/v2\/comments?post=3363937"}],"version-history":[{"count":1,"href":"https:\/\/womensnetwork.org\/sr\/wp-json\/wp\/v2\/posts\/3363937\/revisions"}],"predecessor-version":[{"id":3363938,"href":"https:\/\/womensnetwork.org\/sr\/wp-json\/wp\/v2\/posts\/3363937\/revisions\/3363938"}],"wp:featuredmedia":[{"embeddable":true,"href":"https:\/\/womensnetwork.org\/sr\/wp-json\/wp\/v2\/media\/3363955"}],"wp:attachment":[{"href":"https:\/\/womensnetwork.org\/sr\/wp-json\/wp\/v2\/media?parent=3363937"}],"wp:term":[{"taxonomy":"category","embeddable":true,"href":"https:\/\/womensnetwork.org\/sr\/wp-json\/wp\/v2\/categories?post=3363937"},{"taxonomy":"post_tag","embeddable":true,"href":"https:\/\/womensnetwork.org\/sr\/wp-json\/wp\/v2\/tags?post=3363937"}],"curies":[{"name":"wp","href":"https:\/\/api.w.org\/{rel}","templated":true}]}}