{"id":3364043,"date":"2024-12-02T08:46:31","date_gmt":"2024-12-02T08:46:31","guid":{"rendered":"https:\/\/womensnetwork.org\/?p=3364043"},"modified":"2024-12-02T13:26:36","modified_gmt":"2024-12-02T13:26:36","slug":"manifest-gradjanskog-drustva-za-sprovodjenje-ljudskih-prava-i-rodne-ravnopravnosti-na-kosovu-2","status":"publish","type":"post","link":"https:\/\/womensnetwork.org\/sr\/manifest-gradjanskog-drustva-za-sprovodjenje-ljudskih-prava-i-rodne-ravnopravnosti-na-kosovu-2\/","title":{"rendered":"Mirovne aktivistkinje s Kosova i Srbije: Razgovor o izazovima i mogu\u0107nostima saradnje\u00a0"},"content":{"rendered":"\n<p>U Skoplju je 26. novembra odr\u017ean sastanak mirovnih aktivistkinja sa Kosova i Srbije, na kojem su razgovarale o izazovima sa kojima se region suo\u010dava i prilikama za zajedni\u010dki doprinos miru i bezbednosti.&nbsp;<\/p>\n\n\n\n<p>Ovaj doga\u0111aj, podr\u017ean od strane fondacije Kvinna till Kvinna, obezbedio je prostor za dijalog i razmenu iskustava izme\u0111u predstavnica organizacija za \u017eenska prava iz obe zemlje. Aktivistkinje su podelile izazove i pri\u010de iz svog rada, nagla\u0161avaju\u0107i zna\u010daj saradnje i izgradnje me\u0111usobnog poverenja kao klju\u010dnih elemenata za promociju mira u regionu.&nbsp;<\/p>\n\n\n\n<p>Glavni cilj sastanka bio je stvaranje sigurnog prostora za otvoreni dijalog, bez pritiska da se odmah donose zajedni\u010dke odluke.&nbsp;<\/p>\n\n\n\n<p>U\u010desnice su istakle da \u017eene, kroz iskrenu komunikaciju i dugoro\u010dnu saradnju, mogu igrati klju\u010dnu ulogu u re\u0161avanju sukoba i izgradnji sigurnije i pravednije budu\u0107nosti za sve.&nbsp;<\/p>\n\n\n\n<p>Ovaj sastanak predstavlja zna\u010dajan korak ka ja\u010danju veza izme\u0111u organizacija i intenziviranju napora za mir i bezbednost u regionu.&nbsp;<\/p>\n","protected":false},"excerpt":{"rendered":"<p>U Skoplju je 26. novembra odr\u017ean sastanak mirovnih aktivistkinja sa Kosova i Srbije, na kojem su razgovarale o izazovima sa kojima se region suo\u010dava i prilikama za zajedni\u010dki doprinos miru i bezbednosti.&nbsp; Ovaj doga\u0111aj, podr\u017ean od strane fondacije Kvinna till Kvinna, obezbedio je prostor za dijalog i razmenu iskustava izme\u0111u predstavnica organizacija za \u017eenska prava [&hellip;]<\/p>\n","protected":false},"author":4,"featured_media":3364040,"comment_status":"closed","ping_status":"closed","sticky":false,"template":"","format":"standard","meta":{"_FSMCFIC_featured_image_caption":"","_FSMCFIC_featured_image_nocaption":"","_FSMCFIC_featured_image_hide":"","footnotes":""},"categories":[59],"tags":[],"class_list":["post-3364043","post","type-post","status-publish","format-standard","has-post-thumbnail","hentry","category-vesti"],"acf":[],"_links":{"self":[{"href":"https:\/\/womensnetwork.org\/sr\/wp-json\/wp\/v2\/posts\/3364043","targetHints":{"allow":["GET"]}}],"collection":[{"href":"https:\/\/womensnetwork.org\/sr\/wp-json\/wp\/v2\/posts"}],"about":[{"href":"https:\/\/womensnetwork.org\/sr\/wp-json\/wp\/v2\/types\/post"}],"author":[{"embeddable":true,"href":"https:\/\/womensnetwork.org\/sr\/wp-json\/wp\/v2\/users\/4"}],"replies":[{"embeddable":true,"href":"https:\/\/womensnetwork.org\/sr\/wp-json\/wp\/v2\/comments?post=3364043"}],"version-history":[{"count":2,"href":"https:\/\/womensnetwork.org\/sr\/wp-json\/wp\/v2\/posts\/3364043\/revisions"}],"predecessor-version":[{"id":3364065,"href":"https:\/\/womensnetwork.org\/sr\/wp-json\/wp\/v2\/posts\/3364043\/revisions\/3364065"}],"wp:featuredmedia":[{"embeddable":true,"href":"https:\/\/womensnetwork.org\/sr\/wp-json\/wp\/v2\/media\/3364040"}],"wp:attachment":[{"href":"https:\/\/womensnetwork.org\/sr\/wp-json\/wp\/v2\/media?parent=3364043"}],"wp:term":[{"taxonomy":"category","embeddable":true,"href":"https:\/\/womensnetwork.org\/sr\/wp-json\/wp\/v2\/categories?post=3364043"},{"taxonomy":"post_tag","embeddable":true,"href":"https:\/\/womensnetwork.org\/sr\/wp-json\/wp\/v2\/tags?post=3364043"}],"curies":[{"name":"wp","href":"https:\/\/api.w.org\/{rel}","templated":true}]}}