{"id":3364055,"date":"2024-12-02T10:23:34","date_gmt":"2024-12-02T10:23:34","guid":{"rendered":"https:\/\/womensnetwork.org\/?p=3364055"},"modified":"2024-12-02T10:23:37","modified_gmt":"2024-12-02T10:23:37","slug":"zajednicka-borba-protiv-rodno-zasnovanog-nasilja","status":"publish","type":"post","link":"https:\/\/womensnetwork.org\/sr\/zajednicka-borba-protiv-rodno-zasnovanog-nasilja\/","title":{"rendered":"Zajedni\u010dka borba protiv rodno zasnovanog nasilja"},"content":{"rendered":"\n<p>Tokom novembra na Kosovu, kao i \u0161irom sveta, obele\u017eena je globalna kampanja \u201e16 dana aktivizma protiv rodno zasnovanog nasilja\u201c.<\/p>\n\n\n\n<p>Mre\u017eu \u017dena Kosova predstavljale su predsednica Upravnog odbora, Ariana \u0106osaj Mustafa, i menad\u017eerka programa za borbu protiv rodno zasnovanog nasilja, Adeljina Beri\u0161a, na otvaranju aktivnosti koje je organizovalo Ministarstvo pravde.<\/p>\n\n\n\n<p>\u201eKlju\u010dno pitanje koje zahteva na\u0161u kolektivnu pa\u017enju jeste potreba za sveobuhvatnom raspodelom ljudskih i finansijskih resursa kako bismo se borili protiv nasilja nad \u017eenama\u201c, izjavila je \u0106osaj Mustafa.<\/p>\n\n\n\n<p>S druge strane, Beri\u0161a je u\u010destvovala na panelu \u201eUjedinjeni protiv nasilja \u2013 Dosta!\u201c.<\/p>\n\n\n\n<p>\u201eUvo\u0111enje seksualnog obrazovanja kao obaveznog predmeta u \u0161kolama direktno doprinosi prevenciji nasilja. Sve institucije moraju biti odgovornije u re\u0161avanju slu\u010dajeva rodno zasnovanog nasilja. Ovo je jedno od naj\u010de\u0161\u0107ih krivi\u010dnih dela u sistemu tu\u017eila\u0161tva Kosova\u201c, istakla je Beri\u0161a.<\/p>\n\n\n\n<p>Krajem novembra, tim Mre\u017ee \u017dena Kosova u\u010destvovao je na dva razli\u010dita panela u razgovoru sa u\u010denicima o porodi\u010dnom i rodno zasnovanom nasilju.<\/p>\n\n\n\n<p>Tim za borbu protiv rodno zasnovanog nasilja prisustvovao je predstavljanju izve\u0161taja organizacije CEL pod nazivom <em>\u201eAnaliza o rodno zasnovanom nasilju nad LGBTIQ+ zajednicom na Kosovu 2023\u20132024\u201c<\/em>, gde su identifikovani izazovi sa kojima se suo\u010dava LGBTIQ+ zajednica u prijavljivanju slu\u010dajeva rodno zasnovanog nasilja. Tako\u0111e, Adeljina Beri\u0161a je moderirala panel diskusiju na kojoj su u\u010destvovali predstavnici Policije Kosova i civilnog dru\u0161tva.<\/p>\n\n\n\n<p>Tokom oktobra i novembra, tim za borbu protiv rodno zasnovanog nasilja Mre\u017ee \u017dena Kosova nastavio je s posve\u0107enim naporima da se okon\u010da svaki oblik ovog nasilja, vo\u0111en strate\u0161kim programom M\u017dK-a.<\/p>\n\n\n\n<p>U tom duhu odr\u017eani su brojni sastanci koje su organizovale doma\u0107e i me\u0111unarodne institucije, na kojima je M\u017dK zagovarala unapre\u0111enje pravne infrastrukture za re\u0161avanje slu\u010dajeva rodno zasnovanog nasilja.<\/p>\n\n\n\n<p>Tokom oktobra, Kancelarija za dobro upravljanje organizovala je \u201eKonferenciju o promociji i sprovo\u0111enju zakonodavstva i politike za prevenciju seksualnog uznemiravanja u institucijama javne uprave Kosova\u201c. Na panelu pod nazivom <em>\u201eAdresiranje, reagovanje i zna\u010daj senzitivnog prijavljivanja slu\u010dajeva seksualnog uznemiravanja u institucijama javne uprave\u201c<\/em>, govorila je Adeljina Beri\u0161a, menad\u017eerka programa za borbu protiv rodno zasnovanog nasilja.<\/p>\n\n\n\n<p>Ona je istakla ulogu \u017eenskih organizacija u re\u0161avanju problema seksualnog uznemiravanja, kao i zna\u010daj pristupa koji stavlja \u017ertvu u centar pa\u017enje, imaju\u0107i u vidu posledice koje seksualno uznemiravanje ostavlja na osobe koje su ga do\u017eivele.<\/p>\n\n\n\n<p>Istra\u017eiva\u010dki tim M\u017dK-a nastavio je sa intervjuima u okviru istra\u017eivanja koje ima za cilj da proceni koliko lokalne institucije sprovode zakonodavstvo protiv rodno zasnovanog nasilja, kao i da identifikuje mogu\u0107nosti i izazove u re\u0161avanju ovog problema, uz fokus na znanja i percepcije o razli\u010ditim oblicima rodno zasnovanog nasilja.<\/p>\n\n\n\n<p>Od marta do novembra, tim je pratio preko 100 slu\u010dajeva povezanih s porodi\u010dnim nasiljem, rodno zasnovanim nasiljem, nasiljem nad \u017eenama i zloupotrebom poverenja dece \u2013 u Osnovnim sudovima u Pri\u0161tini i Uro\u0161evcu. Ovi slu\u010dajevi uklju\u010duju razli\u010dite oblike nasilja, uklju\u010duju\u0107i te\u0161ka ubistva, fizi\u010dko i psiholo\u0161ko nasilje, kao i izdavanje za\u0161titnih naloga.<\/p>\n\n\n\n<p>Tokom poslednja dva meseca, monitorisano je preko 100 sudskih ro\u010di\u0161ta u vezi sa porodi\u010dnim nasiljem, dok je pravno savetovano i zastupano vi\u0161e od 20 \u017eena. Radi nastavka zagovaranja i podizanja svesti gra\u0111ana o re\u0161avanju rodno zasnovanog nasilja, M\u017dK je u oktobru i novembru imala 10 medijskih nastupa. Izme\u0111u ostalog, govorila je o preporukama M\u017dK-a za uklju\u010divanje sajber nasilja u Krivi\u010dni zakon i o slu\u010dajevima silovanja maloletnica.<\/p>\n\n\n\n<p>Mre\u017ea je apelovala na nadle\u017ene institucije da prioritetno i ozbiljno tretiraju slu\u010dajeve nasilja nad maloletnicima, uklju\u010duju\u0107i nedavne slu\u010dajeve silovanja maloletnica, te da se oni istra\u017ee s posve\u0107eno\u0161\u0107u i profesionalizmom kako bi odgovorni bili privedeni pravdi i primili zaslu\u017eene kazne.<\/p>\n\n\n\n<p>Po\u010detkom novembra, zemlju su potresle crne vesti kada su se u roku od samo 48 sati dogodila tri silovanja, me\u0111u kojima su bile dve maloletnice. M\u017dK je putem televizijskih nastupa ukazala na to da ovi slu\u010dajevi zahtevaju najvi\u0161i nivo ozbiljnosti, nagla\u0161avaju\u0107i nesigurnost s kojom se devojke i \u017eene jo\u0161 uvek suo\u010davaju u na\u0161em dru\u0161tvu.<\/p>\n\n\n\n<p>Program M\u017dK-a za borbu protiv rodno zasnovanog nasilja nastavi\u0107e svoje aktivnosti i u narednim mesecima, s ciljem prevencije svakog oblika ovog nasilja na Kosovu.<\/p>\n","protected":false},"excerpt":{"rendered":"<p>Tokom novembra na Kosovu, kao i \u0161irom sveta, obele\u017eena je globalna kampanja \u201e16 dana aktivizma protiv rodno zasnovanog nasilja\u201c. Mre\u017eu \u017dena Kosova predstavljale su predsednica Upravnog odbora, Ariana \u0106osaj Mustafa, i menad\u017eerka programa za borbu protiv rodno zasnovanog nasilja, Adeljina Beri\u0161a, na otvaranju aktivnosti koje je organizovalo Ministarstvo pravde. \u201eKlju\u010dno pitanje koje zahteva na\u0161u kolektivnu [&hellip;]<\/p>\n","protected":false},"author":4,"featured_media":3364049,"comment_status":"closed","ping_status":"closed","sticky":false,"template":"","format":"standard","meta":{"_FSMCFIC_featured_image_caption":"","_FSMCFIC_featured_image_nocaption":"","_FSMCFIC_featured_image_hide":"","footnotes":""},"categories":[59],"tags":[],"class_list":["post-3364055","post","type-post","status-publish","format-standard","has-post-thumbnail","hentry","category-vesti"],"acf":[],"_links":{"self":[{"href":"https:\/\/womensnetwork.org\/sr\/wp-json\/wp\/v2\/posts\/3364055","targetHints":{"allow":["GET"]}}],"collection":[{"href":"https:\/\/womensnetwork.org\/sr\/wp-json\/wp\/v2\/posts"}],"about":[{"href":"https:\/\/womensnetwork.org\/sr\/wp-json\/wp\/v2\/types\/post"}],"author":[{"embeddable":true,"href":"https:\/\/womensnetwork.org\/sr\/wp-json\/wp\/v2\/users\/4"}],"replies":[{"embeddable":true,"href":"https:\/\/womensnetwork.org\/sr\/wp-json\/wp\/v2\/comments?post=3364055"}],"version-history":[{"count":1,"href":"https:\/\/womensnetwork.org\/sr\/wp-json\/wp\/v2\/posts\/3364055\/revisions"}],"predecessor-version":[{"id":3364056,"href":"https:\/\/womensnetwork.org\/sr\/wp-json\/wp\/v2\/posts\/3364055\/revisions\/3364056"}],"wp:featuredmedia":[{"embeddable":true,"href":"https:\/\/womensnetwork.org\/sr\/wp-json\/wp\/v2\/media\/3364049"}],"wp:attachment":[{"href":"https:\/\/womensnetwork.org\/sr\/wp-json\/wp\/v2\/media?parent=3364055"}],"wp:term":[{"taxonomy":"category","embeddable":true,"href":"https:\/\/womensnetwork.org\/sr\/wp-json\/wp\/v2\/categories?post=3364055"},{"taxonomy":"post_tag","embeddable":true,"href":"https:\/\/womensnetwork.org\/sr\/wp-json\/wp\/v2\/tags?post=3364055"}],"curies":[{"name":"wp","href":"https:\/\/api.w.org\/{rel}","templated":true}]}}