{"id":3364767,"date":"2025-04-10T09:03:19","date_gmt":"2025-04-10T09:03:19","guid":{"rendered":"https:\/\/womensnetwork.org\/?p=3364767"},"modified":"2025-04-10T09:03:22","modified_gmt":"2025-04-10T09:03:22","slug":"aktivistkinje-ce-proceniti-troskove-podrske-zenama-i-deci-zrtvama-nasilja","status":"publish","type":"post","link":"https:\/\/womensnetwork.org\/sr\/aktivistkinje-ce-proceniti-troskove-podrske-zenama-i-deci-zrtvama-nasilja\/","title":{"rendered":"Aktivistkinje \u0107e proceniti tro\u0161kove podr\u0161ke \u017eenama i deci \u017ertvama nasilja"},"content":{"rendered":"\n<p>Koliko ko\u0161ta pomo\u0107 \u017eenama i deci koji su pretrpeli nasilje? Sedam organizacija za prava \u017eena sa Zapadnog Balkana (ZB) udru\u017eilo se u zajedni\u010dkoj inicijativi s ciljem da podr\u017ee dr\u017eave regiona u pobolj\u0161anom bud\u017eetiranju, kako bi se \u017eenama i deci koji su pre\u017eiveli nasilje pru\u017eila adekvatna podr\u0161ka. Sve dr\u017eave Zapadnog Balkana, uklju\u010duju\u0107i Kosovo, obavezale su se na sprovo\u0111enje <a href=\"https:\/\/rm.coe.int\/168046031c\">Istanbulske konvencije<\/a>. Ipak, neke specijalizovane usluge koje me\u0111unarodna zajednica zahteva jo\u0161 uvek nisu adekvatno finansirane od strane dr\u017eava ZB. To mo\u017ee dovesti do ograni\u010denog pristupa klju\u010dnim uslugama, lo\u0161eg kvaliteta pru\u017eenih usluga, ponovljenog nasilja, pa \u010dak i femicida (ubistva \u017eena samo zato \u0161to su \u017eene).<\/p>\n\n\n\n<p>Od 1. do 4. aprila 2025. godine, aktivistkinje i istra\u017eiva\u010dice iz \u0161est organizacija civilnog dru\u0161tva koje se bave pravima \u017eena (\u017dOCD) \u0161irom Zapadnog Balkana okupile su se na radionici u Skadru, Albanija. Pridru\u017eili su im se stru\u010dnjaci\/kinje iz Albanije, Bosne i Hercegovine, Kosova, Severne Makedonije, Crne Gore i Srbije. Advokati, sociolozi, psiholozi, ekonomisti i drug i stru\u010dnjaci dali su svoj doprinos, sara\u0111uju\u0107i na finalizaciji zajedni\u010dke metodologije. Mre\u017ea \u017eena Kosova (M\u017dK) je omogu\u0107ila ovu diskusiju, izradiv\u0161i metodologiju zasnovanu na prethodnom iskustvu iz sli\u010dnih istra\u017eivanja, poput studije <a href=\"https:\/\/womensnetwork.org\/wp-content\/uploads\/2018\/10\/20130405120224756-1.pdf\"><em>Po kojoj ceni?<\/em><\/a>.<\/p>\n\n\n\n<p>Kosovo ima nekoliko primera dobre prakse koje bi trebalo podeliti, jer je uspelo da uspostavi odr\u017eivo finansiranje skloni\u0161ta za \u017eene \u0161irom zemlje, u bliskoj saradnji sa \u010dlanicama M\u017dK-a, skloni\u0161tima i vladom. Me\u0111utim, Istanbulska konvencija poziva da dr\u017eava finansira i dodatne usluge koje jo\u0161 uvek nedostaju Kosovu \u2013 kao \u0161to su centar za krizne situacije u slu\u010dajevima silovanja, adekvatno i dostupno psiholo\u0161ko savetovanje za razli\u010dite grupe \u017eena, kao i dugoro\u010dna podr\u0161ka za rehabilitaciju i reintegraciju, izme\u0111u ostalog.<\/p>\n\n\n\n<p>Predstoje\u0107e istra\u017eivanje ima za cilj da informi\u0161e relevantne institucije kroz zagovaranje zasnovano na dokazima, kako bi se obezbedila adekvatna bud\u017eetska izdvajanja \u2013 posebno u okviru srednjoro\u010dnih bud\u017eetskih okvira i godi\u0161njih bud\u017eeta, po\u010dev od 2026. godine. Obezbe\u0111ivanje sveobuhvatnih usluga rehabilitacije i reintegracije za \u017ertve rodno zasnovanog nasilja klju\u010dno je za njihov oporavak, dobrobit i spre\u010davanje ponovnog nasilja.<\/p>\n\n\n\n<p>Tokom radionice, zamenica direktorke M\u017dK-a i vode\u0107a istra\u017eiva\u010dica, Nikol Farnsvort, predstavila je istra\u017eiva\u010dku metodologiju, \u0161to je podstaklo \u017eivu diskusiju me\u0111u projektnim partnerima o najboljim pristupima njenom sprovo\u0111enju. Diskusija je bila usmerena na specifi\u010dne okolnosti svake partnerske zemlje \u2013 njihove zakone i upravlja\u010dke strukture \u2013 kao i na odre\u0111ivanje koje socijalne usluge treba obuhvatiti istra\u017eivanjem, u skladu sa zahtevima Istanbulske konvencije i minimalnim standardima Saveta Evrope.<\/p>\n\n\n\n<p>Izme\u0111u diskusija, partneri su u\u017eivali u prilici da se me\u0111usobno pove\u017eu, istra\u017ee grad Skadar, posete Skadarski zamak i zajedno ve\u010deraju u restoranu <a href=\"https:\/\/www.tripadvisor.com\/Restaurant_Review-g303166-d5929281-Reviews-Arti_Zanave-Shkoder_Shkoder_County.html\"><em>Arti Zanave<\/em><\/a><em> <\/em>[Umetnost vila\/ru\u010dni rad], tradicionalnom lokalu koji podr\u017eava \u017dOCD <em>Hapa t\u00eb Leht\u00eb<\/em> [Laki koraci]. Ovaj \u017eenski centar fokusiran je na osna\u017eivanje \u017eena, uklju\u010duju\u0107i i \u017ertve nasilja, kroz pru\u017eanje socijalnih, pravnih, zdravstvenih i ekonomskih usluga. Izvr\u0161na direktorka Denada \u0160puza, koja je osnovala i centar i restoran, podelila je inspirativnu pri\u010du o njihovom nastanku. Suo\u010dene s izazovima finansijske odr\u017eivosti i ograni\u010denim projektnim sredstvima za podr\u0161ku skloni\u0161tu za \u017eene koje su pre\u017eivele nasilje, odlu\u010dile su da osnuju restoran u kojem bi radile \u017eene, a hrana se pripremala od proizvoda koje uzgajaju lokalne \u017eene. Restoran tako\u0111e prodaje ru\u010dno ra\u0111eni nakit i doma\u0107e proizvode, a sav prihod usmeren je na podr\u0161ku centru i njegovoj misiji osna\u017eivanja \u017eena.<\/p>\n\n\n\n<p>U narednim mesecima, partneri \u0107e sprovesti istra\u017eivanje u svih \u0161est zemalja Zapadnog Balkana, izraditi izve\u0161taje za svaku zemlju pojedina\u010dno, kao i regionalnu analizu o dostupnosti, finansiranju i tro\u0161kovima specijalizovanih usluga za \u017ertve. Dobijeni nalazi poslu\u017ei\u0107e kao konkretna osnova za efikasnije raspore\u0111ivanje bud\u017eetskih sredstava vlada u 2026. godini i u narednim godinama.<\/p>\n\n\n\n<p>Radionica je ozna\u010dila nastavak zajedni\u010dkih napora \u017dOCD-a da oja\u010daju usluge za \u017ertve rodno zasnovanog nasilja \u0161irom regiona. Kroz istra\u017eivanje, zagovaranje, razmenu iskustava i partnerstva, Inicijativa ima za cilj da donese zna\u010dajne i trajne promene za \u017ertve \u2013 omogu\u0107avaju\u0107i im pristup kvalitetnijim uslugama koje dr\u017eava odr\u017eivo podr\u017eava, oslanjaju\u0107i se na ekspertizu \u017dOCD -a i aktivista\/kinja.<\/p>\n\n\n\n<p>Ovo istra\u017eivanje deo je inicijative \u201eInstitucionalizacija kvalitetnih usluga rehabilitacije i reintegracije za osobe koje su pre\u017eivele nasilje II\u201c, koju finansira Austrijska agencija za razvoj (ADA). Partneri su u\u017eivali u prilici da se dru\u017ee sa Irenom Novotni, menad\u017eerkom programa iz ADA Austrija, i Eljonom Fanom, menad\u017eerkom programa iz ADA Albanija, koja se pridru\u017eila delu sastanka.<\/p>\n","protected":false},"excerpt":{"rendered":"<p>Koliko ko\u0161ta pomo\u0107 \u017eenama i deci koji su pretrpeli nasilje? Sedam organizacija za prava \u017eena sa Zapadnog Balkana (ZB) udru\u017eilo se u zajedni\u010dkoj inicijativi s ciljem da podr\u017ee dr\u017eave regiona u pobolj\u0161anom bud\u017eetiranju, kako bi se \u017eenama i deci koji su pre\u017eiveli nasilje pru\u017eila adekvatna podr\u0161ka. Sve dr\u017eave Zapadnog Balkana, uklju\u010duju\u0107i Kosovo, obavezale su se [&hellip;]<\/p>\n","protected":false},"author":4,"featured_media":3364749,"comment_status":"closed","ping_status":"closed","sticky":false,"template":"","format":"standard","meta":{"_FSMCFIC_featured_image_caption":"","_FSMCFIC_featured_image_nocaption":"","_FSMCFIC_featured_image_hide":"","footnotes":""},"categories":[59],"tags":[],"class_list":["post-3364767","post","type-post","status-publish","format-standard","has-post-thumbnail","hentry","category-vesti"],"acf":[],"_links":{"self":[{"href":"https:\/\/womensnetwork.org\/sr\/wp-json\/wp\/v2\/posts\/3364767","targetHints":{"allow":["GET"]}}],"collection":[{"href":"https:\/\/womensnetwork.org\/sr\/wp-json\/wp\/v2\/posts"}],"about":[{"href":"https:\/\/womensnetwork.org\/sr\/wp-json\/wp\/v2\/types\/post"}],"author":[{"embeddable":true,"href":"https:\/\/womensnetwork.org\/sr\/wp-json\/wp\/v2\/users\/4"}],"replies":[{"embeddable":true,"href":"https:\/\/womensnetwork.org\/sr\/wp-json\/wp\/v2\/comments?post=3364767"}],"version-history":[{"count":1,"href":"https:\/\/womensnetwork.org\/sr\/wp-json\/wp\/v2\/posts\/3364767\/revisions"}],"predecessor-version":[{"id":3364768,"href":"https:\/\/womensnetwork.org\/sr\/wp-json\/wp\/v2\/posts\/3364767\/revisions\/3364768"}],"wp:featuredmedia":[{"embeddable":true,"href":"https:\/\/womensnetwork.org\/sr\/wp-json\/wp\/v2\/media\/3364749"}],"wp:attachment":[{"href":"https:\/\/womensnetwork.org\/sr\/wp-json\/wp\/v2\/media?parent=3364767"}],"wp:term":[{"taxonomy":"category","embeddable":true,"href":"https:\/\/womensnetwork.org\/sr\/wp-json\/wp\/v2\/categories?post=3364767"},{"taxonomy":"post_tag","embeddable":true,"href":"https:\/\/womensnetwork.org\/sr\/wp-json\/wp\/v2\/tags?post=3364767"}],"curies":[{"name":"wp","href":"https:\/\/api.w.org\/{rel}","templated":true}]}}