{"id":3364912,"date":"2025-04-25T11:26:46","date_gmt":"2025-04-25T11:26:46","guid":{"rendered":"https:\/\/womensnetwork.org\/?p=3364912"},"modified":"2025-04-25T11:50:23","modified_gmt":"2025-04-25T11:50:23","slug":"the-foundation-house-obelezava-desetogodisnjicu-inicijative-devojke-u-ikt-u-decenija-osnazivanja-inspiracije-i-povezivanja-mladih-zena-sa-svetom-tehnologije","status":"publish","type":"post","link":"https:\/\/womensnetwork.org\/sr\/the-foundation-house-obelezava-desetogodisnjicu-inicijative-devojke-u-ikt-u-decenija-osnazivanja-inspiracije-i-povezivanja-mladih-zena-sa-svetom-tehnologije\/","title":{"rendered":"\u00a0\u201eThe Foundation House\u201c obele\u017eava desetogodi\u0161njicu inicijative \u201eDevojke u IKT-u\u201c: Decenija osna\u017eivanja, inspiracije i povezivanja mladih \u017eena sa svetom tehnologije\u00a0"},"content":{"rendered":"\n<p>Kako bi obele\u017eila desetu godi\u0161njicu inicijative \u201eDevojke u informaciono-komunikacionim tehnologijama (IKT)\u201c i Me\u0111unarodni dan devoj\u010dica u IKT sektoru, \u201eThe Foundation House\u201c (nekada IPKO fondacija), \u010dlanica Mre\u017ee \u017eena Kosova (M\u017dK), organizovala je inspirativnu konferenciju 24. aprila na Ro\u010desterskom institutu za tehnologiju (R.I.T.) na Kosovu Doga\u0111aj, koji je obele\u017eio deceniju posve\u0107enu inspirisanju i osna\u017eivanju mladih \u017eena u oblasti tehnologije, imao je za cilj da podigne svest i stvori podsticajno lokalno okru\u017eenje koje ohrabruje devojke i mlade \u017eene da izaberu karijeru u IKT sektoru. U saradnji sa RIT Kosovo, The Foundation House ve\u0107 deset godina organizuje klju\u010dne doga\u0111aje koji nude platformu za deljenje uspe\u0161nih pri\u010da, umre\u017eavanje i otvaranje novih mogu\u0107nosti za mlade \u017eene i profesionalce u IKT industriji.&nbsp;<\/p>\n\n\n\n<p>Ministarka ekonomije, g\u0111a. Artane Rizvanoli, govorila je o napretku koji su devojke i \u017eene postigle u oblastima STEM-a i energetike, nagla\u0161avaju\u0107i zna\u010daj stipendija koje su dostupne kako bi se jo\u0161 vi\u0161e njih motivisalo da se uklju\u010de u ove sektore.&nbsp;&nbsp;<\/p>\n\n\n\n<p>Abetare Gojani, izvr\u0161na direktorka The Foundation House, govorila je o deceniji rasta i uticaja. Istakla je veliki projekat posve\u0107en devojkama u IKT sektoru \u2013 inicijativu koja svakoj devojci na Kosovu pru\u017ea priliku ne samo da koristi tehnologiju, ve\u0107 i da je dalje razvija. Deceniju kasnije, vi\u0161e od 3.000 devojaka pro\u0161lo je kroz vrata The Foundation House. \u201eDanas, deceniju kasnije, i dalje verujemo da kada verujete u devojku, ona menja svet\u201c, izjavila je, izme\u0111u ostalog, u svom govoru. \u201eAli, uprkos napretku, podaci govore jasno: danas, vi\u0161e od 55% diplomaca u oblastima STEM-a i IKT-a su \u017eene, ali samo 3,5% njih \u010dini radnu snagu u tim sektorima. Ovo je poziv na akciju \u2013 jer talenat nema pol\u201c, rekla je gospo\u0111a Gojani.&nbsp;&nbsp;<\/p>\n\n\n\n<p>\u010cameria Mazreku, softverska in\u017eenjerka u Netfliksu, vodila je inspirativan razgovor koji je ispunio prostoriju motivacijom. Prisustvo koleginice na presti\u017enoj poziciji u kompaniji kao \u0161to je Netfliks duboko je inspirisalo prisutne devojke koje ve\u0107 grade svoje karijere u ovim oblastima. Uz mnogo odlu\u010dnosti i napornog rada, poru\u010dila je da, bez obzira odakle dolazite, uvek mo\u017eete ostvariti svoje snove \u2013 ali da pore\u0111enje sa drugima \u010desto mo\u017ee da ih ugu\u0161i, jer \u010desto posedujemo vi\u0161e potencijala nego \u0161to mislimo.&nbsp;&nbsp;&nbsp;<\/p>\n\n\n\n<p>\u201eVa\u017eno je raditi, ne odustajati od onoga \u0161to \u017eelite i ulagati vreme i energiju u sebe. Kompanije ula\u017eu u ljude koji ula\u017eu u sebe\u201c, naglasila je Mazreku.&nbsp;&nbsp;<\/p>\n\n\n\n<p>Konferencija je nastavljena panel diskusijom pod nazivom \u201eOsna\u017eivanje glasova: Mladi predstavljaju preporuke za politike u oblasti STEM-a i energetike\u201c, koju je moderirala Rinora Gojani. Na panelu su govorili mladi panelisti: Ema Rudi, Fljorinda Hasani, Ema Nalbani, \u0160efki Slamani i Fljorent Sahiti.&nbsp;&nbsp;<\/p>\n\n\n\n<p>Oni su podelili svoja iskustva i izazove sa kojima se suo\u010davaju kao studenti u oblastima STEM-a i energetike, iznose\u0107i preporuke institucijama i ukazuju\u0107i na klju\u010dne probleme. Jedan od njih je smanjenje broja nastavnih sati u ovim studijskim programima.&nbsp;<\/p>\n\n\n\n<p>\u201eSve \u0161to mogu da zamislim, trebalo bi da mogu i da uradim\u201c, rekla je Fljorinda kada su je pitali \u0161ta ju je motivisalo da izabere ove oblasti studija.&nbsp;&nbsp;<\/p>\n\n\n\n<p>Nakon toga, usledila je jo\u0161 jedna panel diskusija na temu: \u201ePolitike i strategije za podr\u0161ku mladima u STEM-u i energetici\u201c. Panelisti su bili: Sibelj Haljimi \u2013 direktorka za kulturu u op\u0161tini Pri\u0161tina, Teuta Sahat\u0107ija \u2013 ambasadorka inicijative \u201eWomen in Tech Kosovo\u201c i \u010dlanica Mre\u017ee \u017eena Kosova, Ljaura Krieziu \u2013 izvr\u0161na direktorka Saveta za liderstvo i rast&nbsp; i Vigan Perani \u2013 arhitekta i urbanista.&nbsp;<\/p>\n\n\n\n<p>U promenljivom okru\u017eenju STEM-a i energetike, situacija danas izgleda druga\u010dije nego ranije. Ipak, potrebna je sna\u017enija saradnja izme\u0111u institucija, Univerziteta u Pri\u0161tini i preduze\u0107a \u2013 posebno kada je re\u010d o stvaranju mogu\u0107nosti za zapo\u0161ljavanje \u017eena i njihovom ve\u0107em uklju\u010divanju u radnu snagu.&nbsp;&nbsp;<\/p>\n\n\n\n<p>G\u0111a. Sahat\u0107ija se osvrnula na svoje iskustvo iz pro\u0161losti, podsetiv\u0161i se perioda kada je bila jedina \u017eena u svojoj oblasti studiranja. Istakla je da je u na\u0161em dru\u0161tvu tada vladalo uverenje da je matematika prete\u0161ka za \u017eene i da bi one trebalo da biraju \u201elak\u0161e\u201c oblasti.&nbsp;<\/p>\n\n\n\n<p>U nastavku konferencije, organizovane su radionice koje su obuhvatile hakaton na temu ve\u0161ta\u010dke inteligencije i sajber bezbednosti, zatim simulaciju vojne aktivnosti sa zvani\u010dnicima Kosovskih bezbednosnih snaga, kao i sesiju o mapiranju dronovima i GIS tehnologiji koju su vodili stru\u010dnjaci iz KBS-a.&nbsp;&nbsp;<\/p>\n\n\n\n<p>Me\u0111unarodni dan devoj\u010dica u IKT sektoru na RIT Kosovo zavr\u0161en je sajmom zapo\u0161ljavanja, koji je u\u010desnicama pru\u017eio dragocenu priliku da se upoznaju sa potencijalnim poslodavcima i ohrabre ih da se prijave za radna mesta, otvaraju\u0107i nove mogu\u0107nosti za izgradnju karijere.&nbsp;&nbsp;<\/p>\n\n\n\n<figure class=\"wp-block-image size-large\"><img fetchpriority=\"high\" decoding=\"async\" width=\"1024\" height=\"768\" src=\"https:\/\/womensnetwork.org\/wp-content\/uploads\/2025\/04\/484825320_1183823160107248_4942868149439867919_n-1024x768.jpg\" alt=\"\" class=\"wp-image-3364905\" srcset=\"https:\/\/womensnetwork.org\/wp-content\/uploads\/2025\/04\/484825320_1183823160107248_4942868149439867919_n-1024x768.jpg 1024w, https:\/\/womensnetwork.org\/wp-content\/uploads\/2025\/04\/484825320_1183823160107248_4942868149439867919_n-300x225.jpg 300w, https:\/\/womensnetwork.org\/wp-content\/uploads\/2025\/04\/484825320_1183823160107248_4942868149439867919_n-768x576.jpg 768w, https:\/\/womensnetwork.org\/wp-content\/uploads\/2025\/04\/484825320_1183823160107248_4942868149439867919_n-1536x1152.jpg 1536w, https:\/\/womensnetwork.org\/wp-content\/uploads\/2025\/04\/484825320_1183823160107248_4942868149439867919_n-265x200.jpg 265w, https:\/\/womensnetwork.org\/wp-content\/uploads\/2025\/04\/484825320_1183823160107248_4942868149439867919_n.jpg 2048w\" sizes=\"(max-width: 1024px) 100vw, 1024px\" \/><\/figure>\n","protected":false},"excerpt":{"rendered":"<p>Kako bi obele\u017eila desetu godi\u0161njicu inicijative \u201eDevojke u informaciono-komunikacionim tehnologijama (IKT)\u201c i Me\u0111unarodni dan devoj\u010dica u IKT sektoru, \u201eThe Foundation House\u201c (nekada IPKO fondacija), \u010dlanica Mre\u017ee \u017eena Kosova (M\u017dK), organizovala je inspirativnu konferenciju 24. aprila na Ro\u010desterskom institutu za tehnologiju (R.I.T.) na Kosovu Doga\u0111aj, koji je obele\u017eio deceniju posve\u0107enu inspirisanju i osna\u017eivanju mladih \u017eena u [&hellip;]<\/p>\n","protected":false},"author":4,"featured_media":3364923,"comment_status":"closed","ping_status":"closed","sticky":false,"template":"","format":"standard","meta":{"_FSMCFIC_featured_image_caption":"","_FSMCFIC_featured_image_nocaption":"","_FSMCFIC_featured_image_hide":"","footnotes":""},"categories":[59],"tags":[],"class_list":["post-3364912","post","type-post","status-publish","format-standard","has-post-thumbnail","hentry","category-vesti"],"acf":[],"_links":{"self":[{"href":"https:\/\/womensnetwork.org\/sr\/wp-json\/wp\/v2\/posts\/3364912","targetHints":{"allow":["GET"]}}],"collection":[{"href":"https:\/\/womensnetwork.org\/sr\/wp-json\/wp\/v2\/posts"}],"about":[{"href":"https:\/\/womensnetwork.org\/sr\/wp-json\/wp\/v2\/types\/post"}],"author":[{"embeddable":true,"href":"https:\/\/womensnetwork.org\/sr\/wp-json\/wp\/v2\/users\/4"}],"replies":[{"embeddable":true,"href":"https:\/\/womensnetwork.org\/sr\/wp-json\/wp\/v2\/comments?post=3364912"}],"version-history":[{"count":2,"href":"https:\/\/womensnetwork.org\/sr\/wp-json\/wp\/v2\/posts\/3364912\/revisions"}],"predecessor-version":[{"id":3364926,"href":"https:\/\/womensnetwork.org\/sr\/wp-json\/wp\/v2\/posts\/3364912\/revisions\/3364926"}],"wp:featuredmedia":[{"embeddable":true,"href":"https:\/\/womensnetwork.org\/sr\/wp-json\/wp\/v2\/media\/3364923"}],"wp:attachment":[{"href":"https:\/\/womensnetwork.org\/sr\/wp-json\/wp\/v2\/media?parent=3364912"}],"wp:term":[{"taxonomy":"category","embeddable":true,"href":"https:\/\/womensnetwork.org\/sr\/wp-json\/wp\/v2\/categories?post=3364912"},{"taxonomy":"post_tag","embeddable":true,"href":"https:\/\/womensnetwork.org\/sr\/wp-json\/wp\/v2\/tags?post=3364912"}],"curies":[{"name":"wp","href":"https:\/\/api.w.org\/{rel}","templated":true}]}}