{"id":3365046,"date":"2025-05-29T11:22:10","date_gmt":"2025-05-29T11:22:10","guid":{"rendered":"https:\/\/womensnetwork.org\/?p=3365046"},"modified":"2025-05-30T11:16:30","modified_gmt":"2025-05-30T11:16:30","slug":"sprecavanje-i-zastita-slepih-zena-i-devojcica-na-kosovu-od-nasilja","status":"publish","type":"post","link":"https:\/\/womensnetwork.org\/sr\/sprecavanje-i-zastita-slepih-zena-i-devojcica-na-kosovu-od-nasilja\/","title":{"rendered":"Spre\u010davanje i za\u0161tita slepih \u017eena i devoj\u010dica na Kosovu od nasilja\u00a0"},"content":{"rendered":"\n<p>Na prvi pogled, nasilje nad \u017eenama mo\u017ee izgledati kao problem koji podjednako poga\u0111a sve. Slepe \u017eene i devoj\u010dice na Kosovu suo\u010davaju se sa dvostrukom diskriminacijom \u2013 zbog svog pola i invaliditeta. U ti\u0161ini, na marginama sistema i dru\u0161tva, one \u017eive dvostruku stvarnost: isklju\u010dene su, nevidljive i \u010desto bez nade da \u0107e dobiti za\u0161titu.&nbsp;<\/p>\n\n\n\n<p>Upravo tu stvarnost Komitet slepih \u017eena Kosova (KS\u017dK), na \u010dijem je \u010delu Bajramshahe Jetullahu, nastoji da promeni kroz jednu hrabru i senzibilnu inicijativu koja ima za cilj da izgradi mostove ka znanju, osna\u017eivanju i bezbednosti za slepe \u017eene i devoj\u010dice koje \u017eive na Kosovu.\u00a0<\/p>\n\n\n\n<p>Ve\u0107 smo vas ranije informisali o inicijativi KS\u017dK kroz pri\u010du Osna\u017eivanje kroz obrazovanje: Komitet slepih \u017eena i nastojanje za podr\u0161ku, a sada \u017eelimo da istaknemo njegova postignu\u0107a.&nbsp;<\/p>\n\n\n\n<p>Uzimaju\u0107i u obzir svakodnevne izazove sa kojima se suo\u010dava ova zajednica, KS\u017dK je osmislio program koji ima za cilj da olak\u0161a \u017eivote slepih \u017eena i devoj\u010dica, pove\u0107a svest me\u0111u institucijama i unapredi dru\u0161tvenu svest.&nbsp;<\/p>\n\n\n\n<p>\u201eNa\u0161 cilj je jasan: da za\u0161titimo i spre\u010dimo nasilje nad slepim \u017eenama i devoj\u010dicama, koje su dvostruko diskriminisane \u2013 prvo zbog svog pola, a drugo zbog invaliditeta\u201c, ka\u017ee Korab Jetulahu, predstavnik KS\u017dK.&nbsp;<\/p>\n\n\n\n<p>Projekat je zapo\u010det kao rezultat brojnih pri\u010da koje su tokom godina \u010duli od \u017eena koje su se suo\u010davale sa raznim oblicima nasilja, bez institucionalne podr\u0161ke i pristupa osnovnim informacijama.&nbsp;<\/p>\n\n\n\n<p>\u201eUzimaju\u0107i u obzir da slepe osobe imaju ograni\u010den pristup informacijama zbog nedostatka materijala na Brajevom pismu ili u audio formatu, a s druge strane nemaju pristup tehnologiji, smatrali smo da je razumno da se sastanci obave direktno sa tim osobama\u201c, dalje obja\u0161njava.&nbsp;<\/p>\n\n\n\n<p>U okviru projekta, KS\u017dK je anga\u017eovao psiholo\u0161kinju i sociolo\u0161kinju kako bi realizovale obuke u \u010detiri regiona Kosova: Pri\u0161tina, Mitrovica, Suva Reka i \u0110akovica. U svakom gradu odr\u017eane su po tri obuke, sa u\u010de\u0161\u0107em otprilike 45 slepih \u017eena i devoj\u010dica u svakom.&nbsp;<\/p>\n\n\n\n<p>Prva i najosetljivija tema koja je obra\u0111ena na ovim obukama bila je nasilje: \u0161ta je to, kako se ispoljava i kako slepe \u017eene i devoj\u010dice mogu da se za\u0161tite od njega.&nbsp;<\/p>\n\n\n\n<p>\u201eMnoge \u017eene nemaju znanja o tome \u0161ta je nasilje, ne znaju koje su njegove forme, ne znaju ko su naj\u010de\u0161\u0107i po\u010dinioci, \u0161ta je psiholo\u0161ko ili ekonomsko nasilje. Zbog toga smo krenuli od osnovnih koraka\u201c, obja\u0161njava Jetulahu.&nbsp;<\/p>\n\n\n\n<p>Na obukama se govorilo i o pravnom okviru i institucionalnim mehanizmima za\u0161tite, iako je, kako Jetulahu isti\u010de, sistem u praksi gotovo zatvoren za \u017eene sa invaliditetom. Na Kosovu jo\u0161 uvek ne postoji skloni\u0161te sa osobljem obu\u010denim za rad sa slepim osobama, te je cilj KS\u017dK bio da informi\u0161e u\u010desnice o mehanizmima za\u0161tite i mestima na kojima mogu potra\u017eiti pomo\u0107.&nbsp;<\/p>\n\n\n\n<p>\u201ePored toga \u0161to govorim \u0161ta je nasilje, govorim i kako se mo\u017ee za\u0161tititi\u201c, isti\u010de on.&nbsp;<\/p>\n\n\n\n<p>\u201eNasilje obi\u010dno po\u010dinje u porodici\u201c, po\u010dinje da obja\u0161njava.&nbsp;<\/p>\n\n\n\n<p>\u201eMo\u017ee se desiti i na ulici, ali ono sistematsko, ono koje te izjeda iznutra, uglavnom se doga\u0111a kod ku\u0107e. A osoba koja to radi je \u010desto i ona koja te prati \u2013 ne mo\u017ee\u0161 joj re\u0107i \u2018odvedi me u policiju\u2019 ili \u2018odvedi me u skloni\u0161te.\u2019 Zavisi\u0161 od nje\u201c, pri\u010da sa bolom.&nbsp;<\/p>\n\n\n\n<p>Uprkos ovim ograni\u010denjima, projekat je pokazao konkretne znake promene. Jedna od u\u010desnica, slepa \u017eena koja je godinama trpela fizi\u010dko i psiholo\u0161ko nasilje, skupila je hrabrost da ispri\u010da svoju pri\u010du za jedan \u0161vedski medij koji sara\u0111uje sa Nacionalnim savezom slepih \u0160vedske, partnerom KS\u017dK. Pri\u010da je objavljena uz potpuno o\u010duvanje njenog identiteta.&nbsp;<\/p>\n\n\n\n<p>Ostavljena sama sa svojom malom \u0107erkom, isklju\u010dena iz mu\u017eevljeve porodice nakon nasilja koje je do\u017eivela, \u017eivela je sa samo 250 evra mese\u010dno, \u0161to je osnovna podr\u0161ka za osobe prvokategorisanog slepila. Njena hrabrost da progovori nije samo li\u010dna pri\u010da; to je politi\u010dki \u010din, poruka za sve \u017eene koje ose\u0107aju da nemaju glas.&nbsp;<\/p>\n\n\n\n<p>Inicijativa KS\u017dK pokazala je uspeh, a kroz pri\u010de u\u010desnica, organizacija ima za cilj da ovu ideju i pristup pro\u0161iri i u drugim delovima Kosova, jer uprkos u\u010de\u0161\u0107u nekih pojedinki, veliki broj slepih devoj\u010dica i \u017eena i dalje treba da bude informisan o nasilju i na\u010dinima za\u0161tite.&nbsp;<\/p>\n\n\n\n<p>Neprekidan rad KS\u017dK uvek je uskla\u0111en sa radom i Strategijom Mre\u017ee \u017dena Kosova (M\u017dK).&nbsp;&nbsp;<\/p>\n","protected":false},"excerpt":{"rendered":"<p>Na prvi pogled, nasilje nad \u017eenama mo\u017ee izgledati kao problem koji podjednako poga\u0111a sve. Slepe \u017eene i devoj\u010dice na Kosovu suo\u010davaju se sa dvostrukom diskriminacijom \u2013 zbog svog pola i invaliditeta. U ti\u0161ini, na marginama sistema i dru\u0161tva, one \u017eive dvostruku stvarnost: isklju\u010dene su, nevidljive i \u010desto bez nade da \u0107e dobiti za\u0161titu.&nbsp; Upravo tu [&hellip;]<\/p>\n","protected":false},"author":4,"featured_media":3365068,"comment_status":"closed","ping_status":"closed","sticky":false,"template":"","format":"standard","meta":{"_FSMCFIC_featured_image_caption":"","_FSMCFIC_featured_image_nocaption":"","_FSMCFIC_featured_image_hide":"","footnotes":""},"categories":[59],"tags":[],"class_list":["post-3365046","post","type-post","status-publish","format-standard","has-post-thumbnail","hentry","category-vesti"],"acf":[],"_links":{"self":[{"href":"https:\/\/womensnetwork.org\/sr\/wp-json\/wp\/v2\/posts\/3365046","targetHints":{"allow":["GET"]}}],"collection":[{"href":"https:\/\/womensnetwork.org\/sr\/wp-json\/wp\/v2\/posts"}],"about":[{"href":"https:\/\/womensnetwork.org\/sr\/wp-json\/wp\/v2\/types\/post"}],"author":[{"embeddable":true,"href":"https:\/\/womensnetwork.org\/sr\/wp-json\/wp\/v2\/users\/4"}],"replies":[{"embeddable":true,"href":"https:\/\/womensnetwork.org\/sr\/wp-json\/wp\/v2\/comments?post=3365046"}],"version-history":[{"count":2,"href":"https:\/\/womensnetwork.org\/sr\/wp-json\/wp\/v2\/posts\/3365046\/revisions"}],"predecessor-version":[{"id":3365072,"href":"https:\/\/womensnetwork.org\/sr\/wp-json\/wp\/v2\/posts\/3365046\/revisions\/3365072"}],"wp:featuredmedia":[{"embeddable":true,"href":"https:\/\/womensnetwork.org\/sr\/wp-json\/wp\/v2\/media\/3365068"}],"wp:attachment":[{"href":"https:\/\/womensnetwork.org\/sr\/wp-json\/wp\/v2\/media?parent=3365046"}],"wp:term":[{"taxonomy":"category","embeddable":true,"href":"https:\/\/womensnetwork.org\/sr\/wp-json\/wp\/v2\/categories?post=3365046"},{"taxonomy":"post_tag","embeddable":true,"href":"https:\/\/womensnetwork.org\/sr\/wp-json\/wp\/v2\/tags?post=3365046"}],"curies":[{"name":"wp","href":"https:\/\/api.w.org\/{rel}","templated":true}]}}