{"id":3366894,"date":"2025-10-31T14:14:21","date_gmt":"2025-10-31T14:14:21","guid":{"rendered":"https:\/\/womensnetwork.org\/?p=3366894"},"modified":"2025-10-31T14:14:22","modified_gmt":"2025-10-31T14:14:22","slug":"evropska-unija-na-kosovu-i-mreza-zena-kosova-predstavljaju-pionirsku-rodnu-analizu-o-miru-i-bezbednosti-na-kosovu","status":"publish","type":"post","link":"https:\/\/womensnetwork.org\/sr\/evropska-unija-na-kosovu-i-mreza-zena-kosova-predstavljaju-pionirsku-rodnu-analizu-o-miru-i-bezbednosti-na-kosovu\/","title":{"rendered":"Evropska unija na Kosovu i Mre\u017ea \u017eena Kosova predstavljaju pionirsku rodnu analizu o miru i bezbednosti na Kosovu"},"content":{"rendered":"\n<p>Evropska unija na Kosovu, zajedno sa Mre\u017eom \u017eena Kosova (M\u017dK), danas obele\u017eava 25. godi\u0161njicu Rezolucije 1325 Saveta bezbednosti Ujedinjenih nacija, \u017dene, mir i bezbednost (\u017dMB) u Evropskoj ku\u0107i u Pri\u0161tini. Tom prilikom \u0107e biti predstavljen izve\u0161taj \u201eMir i bezbednost na Kosovu: rodna analiza\u201c koji je pripremila M\u017dK, a finansijski podr\u017eala EU.<\/p>\n\n\n\n<p>\u201eCilj ove rodne analize o miru i bezbednosti na Kosovu jeste da informi\u0161e trenutne i budu\u0107e EU programe koji \u0107e dodatno i efikasnije podr\u017eati primenu Agende \u017dene, mir i bezbednost na Kosovu, u saradnji sa institucijama, civilnim dru\u0161tvom, organizacijama za \u017eenska prava i me\u0111unarodnim partnerima\u201c, rekao je Aivo Orav, ambasador EU na Kosovu.<\/p>\n\n\n\n<p>U obele\u017eavanju ove godi\u0161njice Oravu se pridru\u017eila Igbale Rogova, izvr\u0161na direktorka Mre\u017ee \u017eena Kosova, multietni\u010dke mre\u017ee koju \u010dine 102 razli\u010dite \u017eenske organizacije. \u201eBez uklju\u010divanja \u017eena nema odr\u017eivog mira. Bez \u017eena, nema pravde, a odsustvo pravde ugro\u017eava postizanje odr\u017eivog mira\u201c, naglasila je Rogova.<\/p>\n\n\n\n<figure class=\"wp-block-image size-large\"><img fetchpriority=\"high\" decoding=\"async\" width=\"1024\" height=\"576\" src=\"https:\/\/womensnetwork.org\/wp-content\/uploads\/2025\/10\/WPS-Igo-1024x576.png\" alt=\"\" class=\"wp-image-3366885\" srcset=\"https:\/\/womensnetwork.org\/wp-content\/uploads\/2025\/10\/WPS-Igo-1024x576.png 1024w, https:\/\/womensnetwork.org\/wp-content\/uploads\/2025\/10\/WPS-Igo-300x169.png 300w, https:\/\/womensnetwork.org\/wp-content\/uploads\/2025\/10\/WPS-Igo-768x432.png 768w, https:\/\/womensnetwork.org\/wp-content\/uploads\/2025\/10\/WPS-Igo-1536x864.png 1536w, https:\/\/womensnetwork.org\/wp-content\/uploads\/2025\/10\/WPS-Igo-2048x1152.png 2048w\" sizes=\"(max-width: 1024px) 100vw, 1024px\" \/><figcaption class=\"wp-element-caption\">Foto: Samir Karahoda &#8211; Evropska unija na Kosovu<\/figcaption><\/figure>\n\n\n\n<p>Predstavljaju\u0107i klju\u010dne nalaze i preporuke nove Rodne analize, zamenica direktorke i glavna istra\u017eiva\u010dica M\u017dK, Nikol Farnsvort, naglasila je da se Kosovo obavezalo na Agendu \u017dMB, ali da je potrebno izmeniti i usvojiti nekoliko zakona i politika kako bi se osigurala njena primena, posebno u vezi sa u\u010de\u0161\u0107em i za\u0161titom \u017eena, uklju\u010duju\u0107i izborne zakone, zakon o statusu i pravima \u017ertava rata i Zakonu o Kosovskim bezbednosnim snagama.<\/p>\n\n\n\n<p>\u201eNovi Kosovski program o rodnoj ravnopravnosti trebalo bi da re\u0161i nekoliko neprimenjenih aspekata Agende \u017dMB, kako bi mogao da poslu\u017ei kao Nacionalni akcioni plan Kosova za \u017dMB\u201c, rekla je Farnvort.<\/p>\n\n\n\n<figure class=\"wp-block-image size-large\"><img decoding=\"async\" width=\"1024\" height=\"576\" src=\"https:\/\/womensnetwork.org\/wp-content\/uploads\/2025\/10\/WPS-Nicole-1024x576.png\" alt=\"\" class=\"wp-image-3366888\" srcset=\"https:\/\/womensnetwork.org\/wp-content\/uploads\/2025\/10\/WPS-Nicole-1024x576.png 1024w, https:\/\/womensnetwork.org\/wp-content\/uploads\/2025\/10\/WPS-Nicole-300x169.png 300w, https:\/\/womensnetwork.org\/wp-content\/uploads\/2025\/10\/WPS-Nicole-768x432.png 768w, https:\/\/womensnetwork.org\/wp-content\/uploads\/2025\/10\/WPS-Nicole-1536x864.png 1536w, https:\/\/womensnetwork.org\/wp-content\/uploads\/2025\/10\/WPS-Nicole-2048x1152.png 2048w\" sizes=\"(max-width: 1024px) 100vw, 1024px\" \/><figcaption class=\"wp-element-caption\">Foto: Samir Karahoda &#8211; Evropska unija na Kosovu<\/figcaption><\/figure>\n\n\n\n<p>Izve\u0161taj dalje navodi da osnovni uzroci pro\u0161lih, sada\u0161njih i potencijalnih budu\u0107ih tenzija uklju\u010duju segregaciju u obrazovanju i medije koji u\u010dvr\u0161\u0107uju rodne norme koje podupiru nasilje; nedovoljno inkluzivnu i rodno osetljivu me\u0111uetni\u010dku komunikaciju i odnose; ekonomsku nestabilnost i neadekvatnu tranzicionu pravdu.<\/p>\n\n\n\n<p>Izve\u0161taj preporu\u010duje ja\u010danje rodno odgovorne tranzicione pravde, pobolj\u0161anje pristupa socijalnim i zdravstvenim uslugama i primenu rodno odgovornih obrazovnih, ekonomskih i programa za\u0161tite prirodne sredine, koji na adekvatan na\u010din imenuju i bave se rodnim strukturnim nejednakostima i okupljaju razli\u010dite \u017eene i mu\u0161karce u zagovaranju za zajedni\u010dke interese.<\/p>\n\n\n\n<p>Dodatno, izve\u0161taj nagla\u0161ava potrebu efikasnijeg uklju\u010divanja razli\u010ditih \u017eena, mu\u0161karaca i organizacija za prava \u017eena u konsultacije i procese koji se odnose na tranzicionu pravdu, bezbednost i mir, osiguravaju\u0107i inkluzivno u\u010de\u0161\u0107e, liderstvo i rodno odgovorno dono\u0161enje odluka.<\/p>\n\n\n\n<p>Izve\u0161taj na engleskom, albanskom i srpskom jeziku je dostupan <a href=\"https:\/\/womensnetwork.org\/wp-content\/uploads\/2025\/10\/Mir-i-bezbednost-na-Kosovu-Rodna-analiza.pdf\">na ovom linku<\/a>.<\/p>\n","protected":false},"excerpt":{"rendered":"<p>Evropska unija na Kosovu, zajedno sa Mre\u017eom \u017eena Kosova (M\u017dK), danas obele\u017eava 25. godi\u0161njicu Rezolucije 1325 Saveta bezbednosti Ujedinjenih nacija, \u017dene, mir i bezbednost (\u017dMB) u Evropskoj ku\u0107i u Pri\u0161tini. Tom prilikom \u0107e biti predstavljen izve\u0161taj \u201eMir i bezbednost na Kosovu: rodna analiza\u201c koji je pripremila M\u017dK, a finansijski podr\u017eala EU. \u201eCilj ove rodne analize [&hellip;]<\/p>\n","protected":false},"author":4,"featured_media":3366881,"comment_status":"closed","ping_status":"closed","sticky":false,"template":"","format":"standard","meta":{"_FSMCFIC_featured_image_caption":"","_FSMCFIC_featured_image_nocaption":"","_FSMCFIC_featured_image_hide":"","footnotes":""},"categories":[59],"tags":[],"class_list":["post-3366894","post","type-post","status-publish","format-standard","has-post-thumbnail","hentry","category-vesti"],"acf":[],"_links":{"self":[{"href":"https:\/\/womensnetwork.org\/sr\/wp-json\/wp\/v2\/posts\/3366894","targetHints":{"allow":["GET"]}}],"collection":[{"href":"https:\/\/womensnetwork.org\/sr\/wp-json\/wp\/v2\/posts"}],"about":[{"href":"https:\/\/womensnetwork.org\/sr\/wp-json\/wp\/v2\/types\/post"}],"author":[{"embeddable":true,"href":"https:\/\/womensnetwork.org\/sr\/wp-json\/wp\/v2\/users\/4"}],"replies":[{"embeddable":true,"href":"https:\/\/womensnetwork.org\/sr\/wp-json\/wp\/v2\/comments?post=3366894"}],"version-history":[{"count":1,"href":"https:\/\/womensnetwork.org\/sr\/wp-json\/wp\/v2\/posts\/3366894\/revisions"}],"predecessor-version":[{"id":3366896,"href":"https:\/\/womensnetwork.org\/sr\/wp-json\/wp\/v2\/posts\/3366894\/revisions\/3366896"}],"wp:featuredmedia":[{"embeddable":true,"href":"https:\/\/womensnetwork.org\/sr\/wp-json\/wp\/v2\/media\/3366881"}],"wp:attachment":[{"href":"https:\/\/womensnetwork.org\/sr\/wp-json\/wp\/v2\/media?parent=3366894"}],"wp:term":[{"taxonomy":"category","embeddable":true,"href":"https:\/\/womensnetwork.org\/sr\/wp-json\/wp\/v2\/categories?post=3366894"},{"taxonomy":"post_tag","embeddable":true,"href":"https:\/\/womensnetwork.org\/sr\/wp-json\/wp\/v2\/tags?post=3366894"}],"curies":[{"name":"wp","href":"https:\/\/api.w.org\/{rel}","templated":true}]}}