{"id":3367934,"date":"2026-04-28T12:58:10","date_gmt":"2026-04-28T12:58:10","guid":{"rendered":"https:\/\/womensnetwork.org\/?p=3367934"},"modified":"2026-04-28T12:58:11","modified_gmt":"2026-04-28T12:58:11","slug":"mzk-objavljuje-dokument-o-politici-kojim-trazi-priznavanje-i-zastitu-licnih-asistenata-za-osobe-sa-invaliditetom","status":"publish","type":"post","link":"https:\/\/womensnetwork.org\/sr\/mzk-objavljuje-dokument-o-politici-kojim-trazi-priznavanje-i-zastitu-licnih-asistenata-za-osobe-sa-invaliditetom\/","title":{"rendered":"M\u017dK objavljuje dokument o politici kojim tra\u017ei priznavanje i za\u0161titu li\u010dnih asistenata za osobe sa invaliditetom"},"content":{"rendered":"\n<p>Dana 28. aprila, Mre\u017ea \u017eena Kosova (M\u017dK), zajedno sa svojim partnerima Organizacijom osoba sa mi\u0161i\u0107nom distrofijom Kosova (OOMDK) i Ruka Ruci (RR), lansirala je dokument o politici \u201e<a href=\"https:\/\/womensnetwork.org\/wp-content\/uploads\/2026\/04\/Neplaceni-i-nezasticeni-Licni-asistenti-nose-teret-brige-o-osobama-sa-invaliditetom.pdf\">Nepla\u0107eni i neza\u0161ti\u0107eni: Li\u010dni asistenti nose teret brige o osobama sa invaliditetom<\/a>\u201c, u okviru projekta koji finansira Evropska unija \u201eUnapre\u0111enje kapaciteta civilnog dru\u0161tva za pove\u0107anje pristupa kvalitetnoj socijalnoj za\u0161titi za razli\u010dite \u017eene i mu\u0161karce.\u201c<\/p>\n\n\n\n<p>Doga\u0111aj povodom lansiranja, odr\u017ean u Europe House, obele\u017eio je Svetski dan bezbednosti i zdravlja na radu, skre\u0107u\u0107i pa\u017enju na \u010desto zanemarene i neregulisane uslove rada li\u010dnih asistenata, koji pru\u017eaju klju\u010dnu negu osobama sa invaliditetom.<\/p>\n\n\n\n<p>Dokument o politici predstavlja klju\u010dne nalaze istra\u017eivanja sprovedenog sa \u0161irokim spektrom aktera, uklju\u010duju\u0107i li\u010dne asistente, organizacije osoba sa invaliditetom i institucionalne predstavnike. Istra\u017eivanje je obezbedilo uklju\u010divanje razli\u010ditih zajednica, uklju\u010duju\u0107i srpsku zajednicu kroz partnerstvo sa Ruka Ruci, kao i romsku, a\u0161kalijsku i egip\u0107ansku zajednicu kroz saradnju sa Mre\u017eom \u017eenskih organizacija Roma, A\u0161kalija i Egip\u0107ana Kosova (M\u017dORAEK).<\/p>\n\n\n\n<p>Otvaraju\u0107i doga\u0111aj, Reyes Charle Cuellar, savetnica za rodnu ravnopravnost u Kancelariji Evropske unije na Kosovu, istakla je va\u017enost sveobuhvatnih i rodno odgovornih sistema socijalne za\u0161tite, nagla\u0161avaju\u0107i kontinuiranu podr\u0161ku EU ja\u010danju anga\u017eovanja civilnog dru\u0161tva u izradi i sprovo\u0111enju politika.<\/p>\n\n\n\n<p><em>\u201eEvropska strategija za negu ima za cilj da rad nege bude vrednovan, adekvatno podr\u017ean i pravedno pla\u0107en. Rad \u017eena, budu\u0107i da ogromnu ve\u0107inu \u010dine \u017eene koje brinu o mu\u0161karcima, \u017eenama i deci sa invaliditetom, mora biti priznat i regulisan. To treba da bude klju\u010dni element u okviru sveobuhvatnog sistema socijalne za\u0161tite, u \u010dijem razvoju Evropska unija podr\u017eava Kosovo\u201c<\/em>, rekla je Reyes Charle Cuellar.<\/p>\n\n\n\n<p>Dok je Maria Berishaj, \u010dlanica Odbora M\u017dK-a, u svom obra\u0107anju izjavila: <em>\u201eNepla\u0107eni rad nege koji obavljaju \u017eene odr\u017eava na\u0161a dru\u0161tva, ali i dalje ostaje uglavnom nevidljiv i potcenjen. Priznavanje i podr\u0161ka negovateljicama osoba sa invaliditetom nije samo pitanje rodne ravnopravnosti, ve\u0107 i izgradnje pravednijeg dru\u0161tva za sve\u201c<\/em>.<\/p>\n\n\n\n<p>Istra\u017eiva\u010d M\u017dK-a, Mirjeta Ademi, predstavila je klju\u010dne nalaze, isti\u010du\u0107i zna\u010dajne praznine u zakonskom priznavanju, uslovima rada i pristupu socijalnoj za\u0161titi za li\u010dne asistente na Kosovu, kao i klju\u010dne preporuke iz dokumenta o politici. One uklju\u010duju:<\/p>\n\n\n\n<ul class=\"wp-block-list\">\n<li>Obezbe\u0111ivanje da budu\u0107i sveobuhvatni zakon jasno prepozna li\u010dne asistente kao formalne radnike, zahtevaju\u0107i obavezne pisane ugovore, penzijske doprinose, zdravstveno osiguranje, regulisano radno vreme i za\u0161titu za prekovremeni rad.<\/li>\n\n\n\n<li>Pove\u0107anje finansijske podr\u0161ke za li\u010dne asistente u okviru Srednjoro\u010dnog okvira rashoda, uskla\u0111ivanjem naknade barem sa nivoom minimalne zarade od 425 \u20ac mese\u010dno, uz ukupan tro\u0161ak od 53 miliona \u20ac u 2026. god, 23 miliona \u20ac u 2027. god. i 77 miliona \u20ac u 2028. god.<\/li>\n\n\n\n<li>Uspostavljanje nacionalno akreditovanog programa za obuku i sertifikaciju svih li\u010dnih asistenata, uz obezbe\u0111ivanje besplatne obuke za negu specifi\u010dnu za invaliditet.<\/li>\n<\/ul>\n\n\n\n<p>Doga\u0111aj je tako\u0111e uklju\u010dio panel-diskusiju koja je okupila predstavnike institucija, civilnog dru\u0161tva i organizacija osoba sa invaliditetom, na kojoj se razgovaralo o izvodljivosti i prakti\u010dnim koracima potrebnim za sprovo\u0111enje preporuka politika. U\u010desnici su naglasili va\u017enost formalizovanja uloge li\u010dnih asistenata, obezbe\u0111ivanja pravi\u010dnih uslova rada i unapre\u0111enja pristupa kvalitetnim uslugama za osobe sa invaliditetom.<\/p>\n\n\n\n<p><em>\u201eLi\u010dna asistencija nije luksuz; ona je neophodnost za samostalan \u017eivot. Za mnoge osobe sa invaliditetom podr\u0161ka je potrebna 24 sata dnevno, ali je trenutno finansiranje daleko od dovoljnog da obezbedi dostojanstvenu i adekvatnu negu\u201c<\/em>, rekla je Resmije Rrahmani iz OPDMK-a, dele\u0107i svoje \u017eivotno iskustvo kao osoba sa invaliditetom.<\/p>\n\n\n\n<p>Tako\u0111e, Nevenka Rikalo, predstavnica partnerske organizacije Ruka Ruci, istakla je: <em>\u201eLi\u010dna asistencija zahteva ne samo zakonsko priznavanje, ve\u0107 i ulaganje u obuku, psihosocijalnu podr\u0161ku i namenske bud\u017eetske linije kako bi se obezbedila kvalitetna podr\u0161ka osobama sa invaliditetom i onima koji pru\u017eaju negu.\u201c<\/em><\/p>\n\n\n\n<p>Ova inicijativa doprinosi \u0161irim naporima za unapre\u0111enje pristupa kvalitetnim uslugama socijalne za\u0161tite i za obezbe\u0111ivanje da rad nege bude priznat, vrednovan i za\u0161ti\u0107en u skladu sa me\u0111unarodnim standardima. M\u017dK \u0107e, zajedno sa partnerima, nastaviti da se anga\u017euje sa relevantnim institucijama kako bi zagovarala sprovo\u0111enje ovih preporuka.<\/p>\n","protected":false},"excerpt":{"rendered":"<p>Dana 28. aprila, Mre\u017ea \u017eena Kosova (M\u017dK), zajedno sa svojim partnerima Organizacijom osoba sa mi\u0161i\u0107nom distrofijom Kosova (OOMDK) i Ruka Ruci (RR), lansirala je dokument o politici \u201eNepla\u0107eni i neza\u0161ti\u0107eni: Li\u010dni asistenti nose teret brige o osobama sa invaliditetom\u201c, u okviru projekta koji finansira Evropska unija \u201eUnapre\u0111enje kapaciteta civilnog dru\u0161tva za pove\u0107anje pristupa kvalitetnoj socijalnoj [&hellip;]<\/p>\n","protected":false},"author":4,"featured_media":3367927,"comment_status":"closed","ping_status":"closed","sticky":false,"template":"","format":"standard","meta":{"_FSMCFIC_featured_image_caption":"","_FSMCFIC_featured_image_nocaption":"","_FSMCFIC_featured_image_hide":"","footnotes":""},"categories":[59],"tags":[],"class_list":["post-3367934","post","type-post","status-publish","format-standard","has-post-thumbnail","hentry","category-vesti"],"acf":[],"_links":{"self":[{"href":"https:\/\/womensnetwork.org\/sr\/wp-json\/wp\/v2\/posts\/3367934","targetHints":{"allow":["GET"]}}],"collection":[{"href":"https:\/\/womensnetwork.org\/sr\/wp-json\/wp\/v2\/posts"}],"about":[{"href":"https:\/\/womensnetwork.org\/sr\/wp-json\/wp\/v2\/types\/post"}],"author":[{"embeddable":true,"href":"https:\/\/womensnetwork.org\/sr\/wp-json\/wp\/v2\/users\/4"}],"replies":[{"embeddable":true,"href":"https:\/\/womensnetwork.org\/sr\/wp-json\/wp\/v2\/comments?post=3367934"}],"version-history":[{"count":1,"href":"https:\/\/womensnetwork.org\/sr\/wp-json\/wp\/v2\/posts\/3367934\/revisions"}],"predecessor-version":[{"id":3367935,"href":"https:\/\/womensnetwork.org\/sr\/wp-json\/wp\/v2\/posts\/3367934\/revisions\/3367935"}],"wp:featuredmedia":[{"embeddable":true,"href":"https:\/\/womensnetwork.org\/sr\/wp-json\/wp\/v2\/media\/3367927"}],"wp:attachment":[{"href":"https:\/\/womensnetwork.org\/sr\/wp-json\/wp\/v2\/media?parent=3367934"}],"wp:term":[{"taxonomy":"category","embeddable":true,"href":"https:\/\/womensnetwork.org\/sr\/wp-json\/wp\/v2\/categories?post=3367934"},{"taxonomy":"post_tag","embeddable":true,"href":"https:\/\/womensnetwork.org\/sr\/wp-json\/wp\/v2\/tags?post=3367934"}],"curies":[{"name":"wp","href":"https:\/\/api.w.org\/{rel}","templated":true}]}}