{"id":3367964,"date":"2026-04-29T14:21:05","date_gmt":"2026-04-29T14:21:05","guid":{"rendered":"https:\/\/womensnetwork.org\/?p=3367964"},"modified":"2026-04-29T14:21:05","modified_gmt":"2026-04-29T14:21:05","slug":"pravda-za-zrtve-rodno-zasnovanog-nasilja-uspesna-prica-mreze-zena-kosova","status":"publish","type":"post","link":"https:\/\/womensnetwork.org\/sr\/pravda-za-zrtve-rodno-zasnovanog-nasilja-uspesna-prica-mreze-zena-kosova\/","title":{"rendered":"Pravda za \u017ertve rodno zasnovanog nasilja: uspe\u0161na pri\u010da Mre\u017ee \u017eena Kosova"},"content":{"rendered":"\n<p>Mre\u017ea \u017eena Kosova (M\u017dK) ostvarila je jo\u0161 jedan zna\u010dajan pomak u za\u0161titi prava \u017eena i dece, pokazuju\u0107i da se pravda mo\u017ee ostvariti \u010dak i uprkos dugotrajnim i zahtevnim procesima.<\/p>\n\n\n\n<p>Pri\u010da A.B. odra\u017eava snagu, otpornost i zna\u010daj adekvatne podr\u0161ke. Kao \u017ertva nasilja u porodici, 2022. godine na\u010dinila je hrabar korak pokrenuv\u0161i postupak za razvod braka i starateljstvo nad decom. Uz podr\u0161ku advokata M\u017dK, postupak je pokrenut s ciljem da joj se obezbedi sigurniji \u017eivot za nju i njenu decu.<\/p>\n\n\n\n<p>Od trenutka kada je slu\u010daj upu\u0107en od strane organizacije Nacionalna mre\u017ea za okon\u010danje nasilja nad \u017eenama i nasilja u porodici iz Severne Makedonije, M\u017dK je preuzela njeno pravno zastupanje, uz obavezu ne samo da za\u0161titi njena prava, ve\u0107 i da obezbedi da se njen glas \u010duje u svakoj fazi postupka.<\/p>\n\n\n\n<p>Zbog svoje slo\u017eenosti, ovaj slu\u010daj je zahtevao me\u0111uinstitucionalnu i prekograni\u010dnu saradnju izme\u0111u Kosova i Severne Makedonije, \u0161to je postupak u\u010dinilo jo\u0161 osetljivijim i izazovnijim, ali ne i nemogu\u0107im.<\/p>\n\n\n\n<p>\u201eOvaj slu\u010daj jo\u0161 jednom potvr\u0111uje da, kada institucije, organizacije civilnog dru\u0161tva i pravosudni sistem deluju zajedno, stvarne i zna\u010dajne promene u \u017eivotima \u017eena i dece koja su pre\u017eivela nasilje mogu biti ostvarene. Hrabrost A.B. da potra\u017ei za\u0161titu i pravdu, kao i profesionalna i posve\u0107ena podr\u0161ka Mre\u017ee \u017eena Kosova, jasno pokazuju koliko je va\u017eno da \u017ertve ne budu ostavljene same tokom dugih i \u010desto iscrpljuju\u0107ih pravnih postupaka\u201c, izjavila je izvr\u0161na direktorka Nacionalne mre\u017ee za okon\u010danje nasilja nad \u017eenama i nasilja u porodici. \u201eKao Nacionalna mre\u017ea, ostajemo \u010dvrsto posve\u0107eni regionalnoj saradnji i obezbe\u0111ivanju pravovremene, kvalitetne i na \u017ertve usmerene podr\u0161ke svakoj \u017eeni koja se suo\u010dava sa rodno zasnovanim nasiljem. Ova odluka nije samo pravna pobeda \u2013 ona predstavlja korak ka sigurnijem, dostojanstvenijem i slobodnijem \u017eivotu za \u017ertve i njihovu decu\u201c, dodala je.<\/p>\n\n\n\n<p>Pored pravnog zastupanja, M\u017dK je kontinuirano pratila sudska ro\u010di\u0161ta kako bi se obezbedilo da se svi postupci vode pravi\u010dno, transparentno i uz osetljiv pristup \u017ertvi. Nakon vi\u0161egodi\u0161njeg postupka, sud je doneo odluku o razvodu braka u skladu sa podnetim zahtevima.<\/p>\n\n\n\n<p>Ova odluka predstavlja vi\u0161e od pravnog ishoda; ona ozna\u010dava korak ka sigurnijem i dostojanstvenijem \u017eivotu za A.B. i njenu decu. Tako\u0111e jasno pokazuje da profesionalna podr\u0161ka, upornost i posve\u0107enost mogu da naprave stvarnu razliku u \u017eivotima osoba koje su pre\u017eivele rodno zasnovano nasilje.<\/p>\n\n\n\n<p>Od 2021. godine, M\u017dK je pru\u017eila podr\u0161ku u 142 slu\u010daja kroz savetovanje i pravno zastupanje \u017ertava rodno zasnovanog nasilja, kao i pratila 386 sudskih postupaka.<\/p>\n\n\n\n<p>M\u017dK ostaje posve\u0107ena tome da stoji uz svaku \u017eenu kojoj je potrebna podr\u0161ka, nude\u0107i besplatnu pravnu pomo\u0107 i savetovanje na broju: +383 48 105 800.<\/p>\n\n\n\n<p>Ova inicijativa je podr\u017eana od strane Me\u0111unarodnog austrijskog partnerstva.<\/p>\n\n\n\n<p><em>A.B. su anonimizovani inicijali koji su kori\u0161\u0107eni radi za\u0161tite poverljivosti slu\u010daja.<\/em><\/p>\n","protected":false},"excerpt":{"rendered":"<p>Mre\u017ea \u017eena Kosova (M\u017dK) ostvarila je jo\u0161 jedan zna\u010dajan pomak u za\u0161titi prava \u017eena i dece, pokazuju\u0107i da se pravda mo\u017ee ostvariti \u010dak i uprkos dugotrajnim i zahtevnim procesima. Pri\u010da A.B. odra\u017eava snagu, otpornost i zna\u010daj adekvatne podr\u0161ke. Kao \u017ertva nasilja u porodici, 2022. godine na\u010dinila je hrabar korak pokrenuv\u0161i postupak za razvod braka i [&hellip;]<\/p>\n","protected":false},"author":4,"featured_media":3367965,"comment_status":"closed","ping_status":"closed","sticky":false,"template":"","format":"standard","meta":{"_FSMCFIC_featured_image_caption":"","_FSMCFIC_featured_image_nocaption":"","_FSMCFIC_featured_image_hide":"","footnotes":""},"categories":[59],"tags":[],"class_list":["post-3367964","post","type-post","status-publish","format-standard","has-post-thumbnail","hentry","category-vesti"],"acf":[],"_links":{"self":[{"href":"https:\/\/womensnetwork.org\/sr\/wp-json\/wp\/v2\/posts\/3367964","targetHints":{"allow":["GET"]}}],"collection":[{"href":"https:\/\/womensnetwork.org\/sr\/wp-json\/wp\/v2\/posts"}],"about":[{"href":"https:\/\/womensnetwork.org\/sr\/wp-json\/wp\/v2\/types\/post"}],"author":[{"embeddable":true,"href":"https:\/\/womensnetwork.org\/sr\/wp-json\/wp\/v2\/users\/4"}],"replies":[{"embeddable":true,"href":"https:\/\/womensnetwork.org\/sr\/wp-json\/wp\/v2\/comments?post=3367964"}],"version-history":[{"count":1,"href":"https:\/\/womensnetwork.org\/sr\/wp-json\/wp\/v2\/posts\/3367964\/revisions"}],"predecessor-version":[{"id":3367968,"href":"https:\/\/womensnetwork.org\/sr\/wp-json\/wp\/v2\/posts\/3367964\/revisions\/3367968"}],"wp:featuredmedia":[{"embeddable":true,"href":"https:\/\/womensnetwork.org\/sr\/wp-json\/wp\/v2\/media\/3367965"}],"wp:attachment":[{"href":"https:\/\/womensnetwork.org\/sr\/wp-json\/wp\/v2\/media?parent=3367964"}],"wp:term":[{"taxonomy":"category","embeddable":true,"href":"https:\/\/womensnetwork.org\/sr\/wp-json\/wp\/v2\/categories?post=3367964"},{"taxonomy":"post_tag","embeddable":true,"href":"https:\/\/womensnetwork.org\/sr\/wp-json\/wp\/v2\/tags?post=3367964"}],"curies":[{"name":"wp","href":"https:\/\/api.w.org\/{rel}","templated":true}]}}