{"id":3368008,"date":"2026-04-30T11:37:56","date_gmt":"2026-04-30T11:37:56","guid":{"rendered":"https:\/\/womensnetwork.org\/?p=3368008"},"modified":"2026-04-30T11:37:56","modified_gmt":"2026-04-30T11:37:56","slug":"od-borbe-do-samopouzdanja-podrska-devojkama-u-adolescentnom-uzrastu","status":"publish","type":"post","link":"https:\/\/womensnetwork.org\/sr\/od-borbe-do-samopouzdanja-podrska-devojkama-u-adolescentnom-uzrastu\/","title":{"rendered":"Od borbe do samopouzdanja: podr\u0161ka devojkama u adolescentnom uzrastu"},"content":{"rendered":"\n<p>Za mnoge adolescentkinje, prelazak u ovaj period mo\u017ee biti preplavljuju\u0107i. Fizi\u010dke i emocionalne promene de\u0161avaju se brzo, a istovremeno se javljaju i pitanja o odnosima, bezbednosti i dobrobiti. Ipak, u mnogim \u0161kolama na Kosovu teme poput puberteta, emocionalnog zdravlja i seksualnog uznemiravanja retko se otvoreno obra\u0111uju. Bez sigurnog prostora za postavljanje pitanja i tra\u017eenje podr\u0161ke, mnoge devojke su prepu\u0161tene da same prolaze kroz ovu va\u017enu \u017eivotnu fazu.<\/p>\n\n\n\n<p>Prepoznaju\u0107i ovaj jaz, Institut za primenjenu psihologiju (\u201eAlpha\u201c) pokrenuo je inicijativu \u201ePodr\u0161ka adolescentkinjama u prevazila\u017eenju socijalnih i emocionalnih problema\u201c. Cilj inicijative bio je da devojkama pru\u017ei znanje, samopouzdanje i podr\u0161ku koji su im potrebni kako bi bolje razumele sebe i izazove koje adolescencija donosi.<\/p>\n\n\n\n<p>Tokom tri meseca, inicijativa je obuhvatila 102 devojke i \u017eene iz razli\u010ditih zajednica, uklju\u010duju\u0107i u\u010desnice albanske, bo\u0161nja\u010dke i turske nacionalnosti. Aktivnosti su realizovane u nekoliko \u0161kola u \u0110akovici, Prizrenu i Gornjem Ljubinju.<\/p>\n\n\n\n<p>\u201eAlpha\u201c je pokrenula interaktivna predavanja za devoj\u010dice u osmom i devetom razredu. Sesije je vodio profesor Neki Juniku i bile su usmerene na fizi\u010dke i emocionalne promene koje prate adolescenciju. Od samog po\u010detka atmosfera je bila otvorena i podsticajna. Mnoge devojke su se ose\u0107ale slobodno da podele svoja razmi\u0161ljanja i postave pitanja, pa su susreti prerastali u \u017eive diskusije, a ne u klasi\u010dna predavanja.<\/p>\n\n\n\n<p>Tokom sesija, u\u010desnice su u\u010dile o uobi\u010dajenim emocionalnim izazovima u adolescenciji, kao \u0161to su nesigurnost, stres i nisko samopouzdanje, i istra\u017eivale na\u010dine da se sa njima izbore. Devojke su tako\u0111e bile ohrabrene da o tim iskustvima razgovaraju sa osobama od poverenja. U\u010desnice su ve\u017ebale i jednostavne tehnike poput ve\u017ebi disanja, progresivne relaksacije i mindfulnesa, koje mogu pomo\u0107i u suo\u010davanju sa stresom i anksiozno\u0161\u0107u.<\/p>\n\n\n\n<p>Posebno va\u017ean deo inicijative bilo je okupljanje majki i \u0107erki. Tokom zajedni\u010dkih sesija razgovarale su o ulozi porodice u pru\u017eanju podr\u0161ke devojkama u periodu adolescencije, kao i u prevenciji problema poput seksualnog uznemiravanja i rodno zasnovanog nasilja. Ovi razgovori doprineli su stvaranju prostora za iskren dijalog izme\u0111u generacija, \u0161to je \u010desto izazovno kada je re\u010d o osetljivim temama.<\/p>\n\n\n\n<p>Kako bi se obezbedilo da uticaj inicijative traje i nakon samih aktivnosti, \u201eAlpha\u201c je podstakla neke od najanga\u017eovanijih devojaka da postanu vr\u0161nja\u010dke fasilitatorke u svojim \u0161kolama. One su dobile podr\u0161ku u osmi\u0161ljavanju aktivnosti koje mogu da organizuju sa svojim vr\u0161njakinjama, \u010dime se znanje i podr\u0161ka dalje \u0161ire me\u0111u u\u010denicama.<\/p>\n\n\n\n<p>Ovaj vr\u0161nja\u010dki pristup pokazao se kao posebno delotvoran. Budu\u0107i da se u\u010denice \u010desto suo\u010davaju sa sli\u010dnim iskustvima i brigama, u\u010denje jednih od drugih doprinelo je razvoju ose\u0107aja razumevanja i solidarnosti.<\/p>\n\n\n\n<p>Do kraja inicijative, mnoge devojke su izjavile da se ose\u0107aju sigurnije u sebe, informisanije i bolje pripremljene da se nose sa izazovima adolescencije. Istovremeno, majke su postale svesnije koliko su njihova podr\u0161ka i komunikacija va\u017eni u ovoj fazi \u017eivota njihovih \u0107erki.<\/p>\n\n\n\n<p>Najva\u017enije je da je inicijativa doprinela stvaranju sigurnih prostora unutar \u0161kola, gde su se devojke ose\u0107ale slobodno da razgovaraju o temama koje su dugo bile smatrane tabuom. Kroz znanje, otvoreni dijalog i vr\u0161nja\u010dku podr\u0161ku, inicijativa je pokazala da \u010dak i mali napori u zajednici mogu napraviti zna\u010dajnu razliku u \u017eivotima mladih \u017eena na Kosovu.<\/p>\n\n\n\n<p>Kako grupe vr\u0161nja\u010dkih fasilitatorki nastavljaju svoje aktivnosti u \u0161kolama, o\u010dekuje se da \u0107e se razgovori zapo\u010deti kroz ovaj projekat nastaviti, omogu\u0107avaju\u0107i da se jo\u0161 ve\u0107i broj devojaka ose\u0107a podr\u017eano, informisano i samouvereno tokom odrastanja.<\/p>\n\n\n\n<p>Inicijativa Instituta za primenjenu psihologiju \u201ePodr\u0161ka adolescentkinjama u prevazila\u017eenju socijalnih i emocionalnih problema\u201c.sprovedena je uz podr\u0161ku Mre\u017ee \u017eena Kosova (M\u017dK) kroz Fond \u017eena Kosova (F\u017dK), uz finansijsku podr\u0161ku Austrijske agencije za razvoj (ADA) i sufinansiranje \u0160vedske agencije za me\u0111unarodni razvoj i saradnju (Sida), u iznosu od 5.000 evra, u periodu od oktobra do decembra 2021. godine. Inicijativa je direktno doprinela programu M\u017dK \u201e<a href=\"https:\/\/womensnetwork.org\/sr\/nasi-programi\/kvalitet-jednako-obrazovanje\/\">Rodno transformativno obrazovanje<\/a>\u201c.<\/p>\n","protected":false},"excerpt":{"rendered":"<p>Za mnoge adolescentkinje, prelazak u ovaj period mo\u017ee biti preplavljuju\u0107i. Fizi\u010dke i emocionalne promene de\u0161avaju se brzo, a istovremeno se javljaju i pitanja o odnosima, bezbednosti i dobrobiti. Ipak, u mnogim \u0161kolama na Kosovu teme poput puberteta, emocionalnog zdravlja i seksualnog uznemiravanja retko se otvoreno obra\u0111uju. Bez sigurnog prostora za postavljanje pitanja i tra\u017eenje podr\u0161ke, [&hellip;]<\/p>\n","protected":false},"author":4,"featured_media":3368009,"comment_status":"closed","ping_status":"closed","sticky":false,"template":"","format":"standard","meta":{"_FSMCFIC_featured_image_caption":"","_FSMCFIC_featured_image_nocaption":"","_FSMCFIC_featured_image_hide":"","footnotes":""},"categories":[59],"tags":[],"class_list":["post-3368008","post","type-post","status-publish","format-standard","has-post-thumbnail","hentry","category-vesti"],"acf":[],"_links":{"self":[{"href":"https:\/\/womensnetwork.org\/sr\/wp-json\/wp\/v2\/posts\/3368008","targetHints":{"allow":["GET"]}}],"collection":[{"href":"https:\/\/womensnetwork.org\/sr\/wp-json\/wp\/v2\/posts"}],"about":[{"href":"https:\/\/womensnetwork.org\/sr\/wp-json\/wp\/v2\/types\/post"}],"author":[{"embeddable":true,"href":"https:\/\/womensnetwork.org\/sr\/wp-json\/wp\/v2\/users\/4"}],"replies":[{"embeddable":true,"href":"https:\/\/womensnetwork.org\/sr\/wp-json\/wp\/v2\/comments?post=3368008"}],"version-history":[{"count":1,"href":"https:\/\/womensnetwork.org\/sr\/wp-json\/wp\/v2\/posts\/3368008\/revisions"}],"predecessor-version":[{"id":3368012,"href":"https:\/\/womensnetwork.org\/sr\/wp-json\/wp\/v2\/posts\/3368008\/revisions\/3368012"}],"wp:featuredmedia":[{"embeddable":true,"href":"https:\/\/womensnetwork.org\/sr\/wp-json\/wp\/v2\/media\/3368009"}],"wp:attachment":[{"href":"https:\/\/womensnetwork.org\/sr\/wp-json\/wp\/v2\/media?parent=3368008"}],"wp:term":[{"taxonomy":"category","embeddable":true,"href":"https:\/\/womensnetwork.org\/sr\/wp-json\/wp\/v2\/categories?post=3368008"},{"taxonomy":"post_tag","embeddable":true,"href":"https:\/\/womensnetwork.org\/sr\/wp-json\/wp\/v2\/tags?post=3368008"}],"curies":[{"name":"wp","href":"https:\/\/api.w.org\/{rel}","templated":true}]}}