{"id":3368028,"date":"2026-04-25T11:48:52","date_gmt":"2026-04-25T11:48:52","guid":{"rendered":"https:\/\/womensnetwork.org\/?p=3368028"},"modified":"2026-04-30T11:54:21","modified_gmt":"2026-04-30T11:54:21","slug":"zajedno-za-unapredjenje-prava-zena-23-godisnja-skupstina-mzk-a-osvrce-se-na-napredak-i-put-koji-predstoji","status":"publish","type":"post","link":"https:\/\/womensnetwork.org\/sr\/zajedno-za-unapredjenje-prava-zena-23-godisnja-skupstina-mzk-a-osvrce-se-na-napredak-i-put-koji-predstoji\/","title":{"rendered":"Zajedno za unapre\u0111enje prava \u017eena: 23. godi\u0161nja skup\u0161tina M\u017dK-a osvr\u0107e se na napredak i put koji predstoji"},"content":{"rendered":"\n<p>Dana 25. aprila 2026. godine, Mre\u017ea \u017eena Kosova (M\u017dK) okupila je svoje \u010dlanice, partnere, Odbor i osoblje na svojoj 23. godi\u0161njoj skup\u0161tini. Vi\u0161e od formalnog okupljanja, ovaj doga\u0111aj je poslu\u017eio kao trenutak za osvrt na dostignu\u0107a iz prethodne godine, utvr\u0111ivanje prioriteta za narednu godinu i odavanje priznanja onima koji su svoj rad posvetili unapre\u0111enju prava \u017eena i rodne ravnopravnosti na Kosovu i \u0161ire.<\/p>\n\n\n\n<p>\u010clanica Odbora M\u017dK-a Gjylieta Mushkolaj otvorila je Skup\u0161tinu osvr\u0107u\u0107i se na su\u0161tinsku ulogu koju \u017eene i dalje imaju u izgradnji pravednijeg i demokratskijeg dru\u0161tva, istovremeno ukazuju\u0107i i na trajne izazove koji ostaju.<\/p>\n\n\n\n<p>\u201eUprkos postignutom napretku, ovaj sastanak je prilika da promislimo i oja\u010damo na\u0161u posve\u0107enost tome da \u017eene budu tretirane kao jednake. Nasilje nad \u017eenama i dalje predstavlja ozbiljan izazov, ali je \u017eenski aktivizam doneo konkretne promene i va\u017ena dostignu\u0107a u javnom, politi\u010dkom i institucionalnom \u017eivotu\u201d, rekla je ona. \u201eDostojanstvo \u017eena nije pitanje strana\u010dke politike, ve\u0107 temelj demokratske zemlje. Zato moramo nastaviti da radimo zajedno na izgradnji budu\u0107nosti u kojoj devojke i \u017eene \u017eive slobodno, sigurno i ravnopravno.\u201d<\/p>\n\n\n\n<p>Albulena Haxhiu, vr\u0161iteljka du\u017enosti predsednice Republike Kosovo i predsednica Skup\u0161tine Kosova, istakla je dugogodi\u0161nji doprinos \u017eenskog aktivizma i ulogu M\u017dK-a u oblikovanju demokratskog razvoja Kosova. \u201eMre\u017ea je jasan primer snage ravnopravnosti, za\u0161tite od nasilja i osna\u017eivanja \u017eena u odlu\u010divanju. M\u017dK je stvarala znanje, pokazala da se demokratija ja\u010da ne samo kroz institucije, ve\u0107 i kroz civilno dru\u0161tvo, i bila je klju\u010dni partner institucijama, sna\u017ean glas protiv nepravde i aktivna snaga za promene koja stvara sigurne prostore za \u017eene.\u201d<\/p>\n\n\n\n<p>Nancy Soderberg, direktorka Nacionalnog demokratskog instituta (NDI) na Kosovu, dodatno je naglasila nezamenljivu ulogu \u017eenskih organizacija civilnog dru\u0161tva u ja\u010danju demokratije, pravde i ravnopravnosti. \u201eOd su\u0161tinskog je zna\u010daja razumeti da se napredak ne ostvaruje samo unutar institucija, ve\u0107 i kroz svakodnevno anga\u017eovanje sa gra\u0111anima, op\u0161tinama i lokalnim realnostima\u201d, rekla je ona. \u201eNa\u0161e partnerstvo sa Mre\u017eom \u017eena Kosova va\u017eno je upravo zato \u0161to povezuje napore na nacionalnom nivou sa realnostima na terenu. U trenutku kada u mnogim zemljama svedo\u010dimo nazadovanju u oblasti rodne ravnopravnosti, dezinformacijama i ciljanim napadima na \u017eene u politici i javnim ulogama, rad M\u017dK-a je jo\u0161 kriti\u010dniji. Kombinuju\u0107i anga\u017eovanje u zajednici sa rigoroznim istra\u017eivanjem i analizom politika, M\u017dK osigurava da se glasovi \u017eena ne samo \u010duju, ve\u0107 i preto\u010de u konkretne predloge politika.\u201d<\/p>\n\n\n\n<p>Reyes Charle Cuellar, savetnica za rodna pitanja u Kancelariji specijalnog predstavnika Evropske unije (EUSR) na Kosovu, osna\u017eila je ovu poruku nagla\u0161avaju\u0107i da smislen napredak zavisi od saradnje izme\u0111u institucija i civilnog dru\u0161tva. \u201eEU i M\u017dK su bili partneri; to je odnos izgra\u0111en na dijalogu i poverenju. Va\u0161u sposobnost da predstavljate razli\u010dite \u017eene shvatate kao odgovornost koju ozbiljno preuzimate. Va\u0161a stru\u010dnost, pru\u017eanje usluga i pra\u0107enje javnih usluga, javnih politika i institucionalnog u\u010dinka ostaju nezamenljivi. Jednako tako, va\u0161e pra\u0107enje na\u0161ih aktivnosti kao predstavnika EU na Kosovu u mnogo navrata nam je otvorilo o\u010di i pomoglo nam u daljem unapre\u0111enju rodne ravnopravnosti i prava \u017eena.\u201d Ona je nastavila isti\u010du\u0107i da \u0107e \u201eEvropska unija nastaviti da podr\u017eava napore za spre\u010davanje rodno zasnovanog nasilja, ja\u010danje ekonomskog osna\u017eivanja \u017eena i osna\u017eivanje dru\u0161tvenih mehanizama za rodnu ravnopravnost, ostaju\u0107i posve\u0107en partner na ovom zajedni\u010dkom putu.\u201d<\/p>\n\n\n\n<p>Na kraju, Saxhide Mustafa, koordinatorka \u017denskog ekonomskog foruma i zamenica izvr\u0161nog direktora Instituta Riinvest, naglasila je va\u017enost \u0161irenja savezni\u0161tava za rodnu ravnopravnost. \u201eTvoj glas, Igo, \u010duo se \u010dak i u najudaljenijim krajevima zemlje, pokazuju\u0107i da jo\u0161 uvek ima mnogo posla koji treba uraditi. Zato moramo nastaviti da stvaramo zajedni\u010dke inicijative za ravnopravnije dru\u0161tvo. Potreban nam je \u0161iri savez sa \u017eenama i mu\u0161karcima, uklju\u010duju\u0107i poslanike i donosioce odluka, jer se pitanja \u017eena ne smeju re\u0161avati samo od strane \u017eena.\u201d<\/p>\n\n\n\n<p>Nakon uvodnih obra\u0107anja, \u010dlanica Odbora M\u017dK-a Xhejrane Lokaj predstavila je godi\u0161nju nagradu \u201eSevdije Ahmeti\u201d, znak solidarnosti, podr\u0161ke i priznanja doprinosima pokretu za prava \u017eena. Ovogodi\u0161nja nagrada dodeljena je Flori Brovini, koja je decenijama podr\u017eavala \u017eene i decu i doprinosila ja\u010danju civilnog dru\u0161tva i unapre\u0111enju rodne ravnopravnosti, uklju\u010duju\u0107i i tokom svog mandata poslanice.<\/p>\n\n\n\n<p>Osvr\u0107u\u0107i se na svoj put, Flora je izjavila: \u201eGlasovi \u017eena nisu se uvek \u010duli \u2013 od patrijarhata do trenutka kada je zastupljenost obezbe\u0111ena kroz kvote, pa sve do danas, kada sve vi\u0161e \u017eena ulazi u odlu\u010divanje na osnovu zasluga. Ali put jo\u0161 nije zavr\u0161en.\u201d<\/p>\n\n\n\n<p>Ceremonija je nastavljena sna\u017enom pesmom koju je izvela glumica i aktivistkinja za prava \u017eena Safete Rogova, nakon \u010dega je usledila li\u010dna po\u010dast sestre Sevdije Ahmetija, Hikmete D\u017eare, koja je izrazila zahvalnost KWN-u na o\u010duvanju Sevdijinog nasle\u0111a kroz nagradu: \u201eMo\u017eda postoje mlade \u017eene i devojke koje nisu imale priliku da upoznaju Sevdije, pa bih \u017eelela da ka\u017eem nekoliko re\u010di o njoj \u2026 Od malih nogu suprotstavljala se nepravdi. Iako je na\u0161 otac bio pomalo autoritativan, ona bi uvek pitala: \u2018Za\u0161to, samo zato \u0161to smo \u017eene?\u2019. Za Sevdiju, nije bilo mesta za podele ili diskriminaciju.\u201d<\/p>\n\n\n\n<p>Osoblje M\u017dK-a zatim je predstavilo klju\u010dna dostignu\u0107a organizacije u 2025. godini, kao i plan rada za 2026. godinu, koji su \u010dlanice formalno usvojile. Skup\u0161tina je tako\u0111e obuhvatila izbor novog Odbora M\u017dK-a, koji \u0107e nastaviti da nadgleda i usmerava napore Mre\u017ee u narednoj godini.<\/p>\n\n\n\n<p>U duhu solidarnosti i zajedni\u010dkog promi\u0161ljanja, izvr\u0161na direktorka M\u017dK-a, Igbale Rogova, nastavila je izlaganje nagla\u0161avaju\u0107i zna\u010daj zajedni\u0161tva i me\u0111usobne podr\u0161ke, istovremeno pru\u017eaju\u0107i prostor \u010dlanicama i partnerima da podele svoja iskustva, izazove i vi\u0111enja daljih koraka. U tom kontekstu, sa u\u010desnicima je podelila i simboli\u010dan iznos sredstava prikupljenih tokom Skup\u0161tine, namenjen podr\u0161ci organizaciji \u201eD\u00ebgjo z\u00ebrin tim\u201c (\u010cuj moj glas).<\/p>\n\n\n\n<p>\u201eM\u017dK je uvek bio uz nas sa podr\u0161kom, poku\u0161avaju\u0107i da nam pomogne na svaki mogu\u0107i na\u010din, \u010dak i kada su mogu\u0107nosti bile ograni\u010dene, posebno nama, osobama sa invaliditetom\u201d, rekla je Biba May, osniva\u010dica Organizacije osoba sa mi\u0161i\u0107nom distrofijom Kosova (OOMDK). Nastavila je nagla\u0161avaju\u0107i va\u017enost inkluzivne saradnje: \u201eSamo zajedno mo\u017eemo posti\u0107i na\u0161e zajedni\u010dke ciljeve, koji su u interesu svih \u017eena, posebno \u017eena koje do\u017eivljavaju nasilje i \u017eena sa invaliditetom.\u201d<\/p>\n\n\n\n<p>Vlora Nushi, \u0161efica kancelarije UN Women Kosovo, osvrnula se na globalni kontekst i sve ve\u0107e izazove sa kojima se suo\u010davaju \u017eenske organizacije. \u201eBudu\u0107i da svi radimo i suo\u010davamo se sa globalnim izazovom, u kojem destruktivne sile dobijaju sve ve\u0107u mo\u0107 \u0161irom sveta, podr\u0161ka \u017eenskim organizacijama ostaje va\u017enija nego ikada. Globalno se zala\u017eemo za ja\u010danje \u017eenskih organizacija i za izdvajanje odr\u017eivih sredstava za njihov rad\u201d, rekla je ona. \u201e\u017delim da pozdravim \u017eenske organizacije i da vas uverim da \u0107emo nastaviti na\u0161 rad i posve\u0107enost, osiguravaju\u0107i da na svakom sastanku \u017eenske organizacije ostanu u centru pa\u017enje. Obe\u0107avam vam da \u0107emo stajati zajedno sa vama.\u201d<\/p>\n\n\n\n<p>Ganimete Sava, izvr\u0161na direktorka Artpolis-a, podelila je poseban trenutak iz desetogodi\u0161njeg puta organizacije, zahvaljuju\u0107i M\u017dK-u na podr\u0161ci u odlu\u010duju\u0107em trenutku: \u201eKada smo osnovale [Me\u0111unarodni film] festival i \u017eelele da ga dovedemo na scenu, tra\u017eile smo podr\u0161ku, ali nismo imale sredstva. Upravo tada je stigla podr\u0161ka Mre\u017ee \u017eena Kosova, prvi grant koji smo dobile, i rekle smo \u2018da\u2019 na\u0161em radu i na\u0161em snu.\u201d Dr\u017ee\u0107i u ruci ugravirani stakleni trofej, nastavila je: \u201eDanas, nakon 10 godina rada, obele\u017eavamo prvo izdanje festivala u Be\u010du i sedmo izdanje u Pri\u0161tini. Zauvek smo zahvalne i posve\u0107ujemo ovaj trofej Mre\u017ei, kao znak zahvalnosti za prvu pru\u017eenu ruku pomo\u0107i na na\u0161em putu.\u201d<\/p>\n\n\n\n<p>Ova obra\u0107anja su jo\u0161 jednom naglasila zna\u010daj solidarnosti i zajedni\u010dke posve\u0107enosti unapre\u0111enju prava \u017eena na Kosovu.<\/p>\n","protected":false},"excerpt":{"rendered":"<p>Dana 25. aprila 2026. godine, Mre\u017ea \u017eena Kosova (M\u017dK) okupila je svoje \u010dlanice, partnere, Odbor i osoblje na svojoj 23. godi\u0161njoj skup\u0161tini. Vi\u0161e od formalnog okupljanja, ovaj doga\u0111aj je poslu\u017eio kao trenutak za osvrt na dostignu\u0107a iz prethodne godine, utvr\u0111ivanje prioriteta za narednu godinu i odavanje priznanja onima koji su svoj rad posvetili unapre\u0111enju prava [&hellip;]<\/p>\n","protected":false},"author":4,"featured_media":3367974,"comment_status":"closed","ping_status":"closed","sticky":false,"template":"","format":"standard","meta":{"_FSMCFIC_featured_image_caption":"","_FSMCFIC_featured_image_nocaption":"","_FSMCFIC_featured_image_hide":"","footnotes":""},"categories":[59],"tags":[],"class_list":["post-3368028","post","type-post","status-publish","format-standard","has-post-thumbnail","hentry","category-vesti"],"acf":[],"_links":{"self":[{"href":"https:\/\/womensnetwork.org\/sr\/wp-json\/wp\/v2\/posts\/3368028","targetHints":{"allow":["GET"]}}],"collection":[{"href":"https:\/\/womensnetwork.org\/sr\/wp-json\/wp\/v2\/posts"}],"about":[{"href":"https:\/\/womensnetwork.org\/sr\/wp-json\/wp\/v2\/types\/post"}],"author":[{"embeddable":true,"href":"https:\/\/womensnetwork.org\/sr\/wp-json\/wp\/v2\/users\/4"}],"replies":[{"embeddable":true,"href":"https:\/\/womensnetwork.org\/sr\/wp-json\/wp\/v2\/comments?post=3368028"}],"version-history":[{"count":1,"href":"https:\/\/womensnetwork.org\/sr\/wp-json\/wp\/v2\/posts\/3368028\/revisions"}],"predecessor-version":[{"id":3368029,"href":"https:\/\/womensnetwork.org\/sr\/wp-json\/wp\/v2\/posts\/3368028\/revisions\/3368029"}],"wp:featuredmedia":[{"embeddable":true,"href":"https:\/\/womensnetwork.org\/sr\/wp-json\/wp\/v2\/media\/3367974"}],"wp:attachment":[{"href":"https:\/\/womensnetwork.org\/sr\/wp-json\/wp\/v2\/media?parent=3368028"}],"wp:term":[{"taxonomy":"category","embeddable":true,"href":"https:\/\/womensnetwork.org\/sr\/wp-json\/wp\/v2\/categories?post=3368028"},{"taxonomy":"post_tag","embeddable":true,"href":"https:\/\/womensnetwork.org\/sr\/wp-json\/wp\/v2\/tags?post=3368028"}],"curies":[{"name":"wp","href":"https:\/\/api.w.org\/{rel}","templated":true}]}}