{"id":3368055,"date":"2026-04-30T12:42:18","date_gmt":"2026-04-30T12:42:18","guid":{"rendered":"https:\/\/womensnetwork.org\/?p=3368055"},"modified":"2026-04-30T12:42:19","modified_gmt":"2026-04-30T12:42:19","slug":"kosovo-domacin-prvog-sastanka-partnerstva-responder-zajednicko-planiranje-istrazivanja-o-seksualnoj-eksploataciji-i-zlostavljanju-od-strane-humanitarnih-radnika-i-mirovnih-snaga","status":"publish","type":"post","link":"https:\/\/womensnetwork.org\/sr\/kosovo-domacin-prvog-sastanka-partnerstva-responder-zajednicko-planiranje-istrazivanja-o-seksualnoj-eksploataciji-i-zlostavljanju-od-strane-humanitarnih-radnika-i-mirovnih-snaga\/","title":{"rendered":"Kosovo doma\u0107in prvog sastanka Partnerstva RESPONDER, zajedni\u010dko planiranje istra\u017eivanja o seksualnoj eksploataciji i zlostavljanju od strane humanitarnih radnika i mirovnih snaga"},"content":{"rendered":"\n<p>Od 15. do 17. aprila, Mre\u017ea \u017eena Kosova (M\u017dK), u saradnji sa Univerzitetom u Pri\u0161tini, ugostila je na Kosovu \u010dlanove Partnerstva \u201e<a href=\"https:\/\/www.responderpartnership.com\/\">Responder-Seksualno iskori\u0161\u0107avanje i zlostavljanje u humanitarnim krizama<\/a>\u201d (RESPONDER). Pored svoje stru\u010dnosti, \u010dlanovi delegacije doneli su sna\u017enu feministi\u010dku energiju i duh solidarnosti koji su duboko odjeknuli u M\u017dK-u, potvr\u0111uju\u0107i snagu kolektivnog delovanja u unapre\u0111enju pravde i odgovornosti.<\/p>\n\n\n\n<p>Partnerstvo RESPONDER planira istra\u017eivanje koje \u0107e informisati napore u suzbijanju seksualne eksploatacije i zlostavljanja od strane humanitarnog i mirovnog osoblja. Oni sprovode istra\u017eivanje u \u0161est zemalja sa istorijom humanitarne i UN intervencije, uklju\u010duju\u0107i Kosovo, Demokratsku Republiku Kongo, Centralnoafri\u010dku Republiku, Liban, Ju\u017eni Sudan i Haiti. M\u017dK i Univerzitet u Pri\u0161tini <a href=\"https:\/\/womensnetwork.org\/sr\/mzk-se-pridruzila-novoj-globalnoj-koaliciji-za-unapredjenje-odgovornosti-za-zlostavljanje-od-strane-osoblja-humanitarnih-i-mirovnih-misija\/\">doprinose svojom stru\u010dno\u0161\u0107u i sara\u0111uju u istra\u017eivanju RESPONDER-a<\/a>. Ovaj prvi sastanak poslu\u017eio je za ja\u010danje saradnje, produbljivanje razumevanja konteksta i unapre\u0111enje istra\u017eiva\u010dkog procesa.<\/p>\n\n\n\n<p>U sredu, 15. aprila, delegati RESPONDER-a upoznali su se sa Pri\u0161tinom kroz feministi\u010dku \u0161etnju gradom, koju su organizovale Kaltrina Kelmendi, vanredna profesorka na Departmanu za psihologiju Univerziteta u Pri\u0161tini, i Nicole Farnsworth, zamenica direktorke i glavna istra\u017eiva\u010dica u M\u017dK-u. Pri\u010da o Pri\u0161tini ispri\u010dana je iz perspektive \u017eena, dok su u\u010desnici prolazili pored nekada\u0161njeg Ameri\u010dkog informativnog centra kao mesta mirnih protesta \u017eena protiv ugnjetavanja, statue Boginje Pri\u0161tine, spomenika Newborn, Memorijala Heroinat i Grand Hotela. <a href=\"https:\/\/www.facebook.com\/ReportingHouse\/\">Reporting House<\/a> i <a href=\"https:\/\/jahjagafoundation.org\/projects\/the-moment-museum\/\">Muzej \u201eMoment\u201d Fondacije Jahjaga<\/a> ljubazno su ugostili Partnerstvo, prikazuju\u0107i film, artefakte i savremena umetni\u010dka dela koja se osvr\u0107u na rat i odaju po\u010dast njegovim \u017ertvama, uklju\u010duju\u0107i pre\u017eivele seksualnog nasilja tokom rata.<\/p>\n\n\n\n<figure class=\"wp-block-image size-large\"><img fetchpriority=\"high\" decoding=\"async\" width=\"1024\" height=\"576\" src=\"https:\/\/womensnetwork.org\/wp-content\/uploads\/2026\/04\/Micole-1024x576.png\" alt=\"\" class=\"wp-image-3368033\" srcset=\"https:\/\/womensnetwork.org\/wp-content\/uploads\/2026\/04\/Micole-1024x576.png 1024w, https:\/\/womensnetwork.org\/wp-content\/uploads\/2026\/04\/Micole-300x169.png 300w, https:\/\/womensnetwork.org\/wp-content\/uploads\/2026\/04\/Micole-768x432.png 768w, https:\/\/womensnetwork.org\/wp-content\/uploads\/2026\/04\/Micole-1536x864.png 1536w, https:\/\/womensnetwork.org\/wp-content\/uploads\/2026\/04\/Micole-2048x1152.png 2048w\" sizes=\"(max-width: 1024px) 100vw, 1024px\" \/><figcaption class=\"wp-element-caption\">Nicole Farnsworth pri\u010da pri\u010du iza Memorijala Heroinat, nagla\u0161avaju\u0107i kako su se kosovske aktivistkinje borile da sve \u017eene budu zapam\u0107ene \u2013 i kao \u017ertve i kao heroine.<\/figcaption><\/figure>\n\n\n\n<p>U \u010detvrtak, 16. aprila, radionicu su zvani\u010dno otvorile Igballe Rogova, izvr\u0161na direktorka M\u017dK-a, i Kaltrina Kelmendi u ime Univerziteta u Pri\u0161tini. Rogova se prisetila svoje \u010deste poruke me\u0111unarodnim akterima koji dolaze na Kosovo, nagla\u0161avaju\u0107i da ne mogu pretpostaviti da su oni prve i jedine osobe sa znanjem koje dolaze na Kosovo; moraju slu\u0161ati i u\u010diti od lokalnih glasova.<\/p>\n\n\n\n<p>\u201eBile smo ovde. Ovde smo. Bi\u0107emo ovde\u201d, rekla je ona. Podelila je publikaciju M\u017dK-a 1325 <a href=\"https:\/\/womensnetwork.org\/sr\/publications\/cinjenice-i-price-1325\/\">\u010cinjenice i pri\u010de<\/a>, u kojoj partneri mogu pro\u010ditati vi\u0161e o naporima kosovskih \u017eena da me\u0111unarodnim akterima na Kosovu iznesu svoje prioritete.<\/p>\n\n\n\n<p>Pored toga, Rogova je naglasila da je \u201evelika \u010dast sara\u0111ivati sa Univerzitetom u Pri\u0161tini [i] pametno je povezati rad izme\u0111u aktivista i akademika\u201d.<\/p>\n\n\n\n<p>Diskusije su se bavile jednako\u0161\u0107u, raznoliko\u0161\u0107u, inkluzijom i pristupa\u010dno\u0161\u0107u (EDIA) u istra\u017eivanju, uklju\u010duju\u0107i u\u010de\u0161\u0107e osoba sa invaliditetom i konceptualizacije invaliditeta. Tokom \u201eWorld Cafe\u201c-a, u\u010desnici su dali komentare o nacrtima istra\u017eiva\u010dkih alata za ankete, intervjue i fokus grupe, kao i o eti\u010dkim razmatranjima.<\/p>\n\n\n\n<figure class=\"wp-block-image size-large\"><img decoding=\"async\" width=\"1024\" height=\"576\" src=\"https:\/\/womensnetwork.org\/wp-content\/uploads\/2026\/04\/2-1-1024x576.png\" alt=\"\" class=\"wp-image-3368039\" srcset=\"https:\/\/womensnetwork.org\/wp-content\/uploads\/2026\/04\/2-1-1024x576.png 1024w, https:\/\/womensnetwork.org\/wp-content\/uploads\/2026\/04\/2-1-300x169.png 300w, https:\/\/womensnetwork.org\/wp-content\/uploads\/2026\/04\/2-1-768x432.png 768w, https:\/\/womensnetwork.org\/wp-content\/uploads\/2026\/04\/2-1-1536x864.png 1536w, https:\/\/womensnetwork.org\/wp-content\/uploads\/2026\/04\/2-1-2048x1152.png 2048w\" sizes=\"(max-width: 1024px) 100vw, 1024px\" \/><\/figure>\n\n\n\n<p>U popodnevnim satima, doga\u0111aj je omogu\u0107io akademicima, studentima i aktivistima da razgovaraju o eti\u010dkom istra\u017eivanju. Profesor Edward Alessi odr\u017eao je predavanje o pristupima istra\u017eivanju zasnovanim na razumevanju traume, dok je Kaltrina Kelmendi moderirala panel na kojem su u\u010destvovali Jim Lavery, profesor etike globalnog zdravlja na Univerzitetu Emory; dr. Aliriza Arenliu, profesor psihologije na Univerzitetu u Pri\u0161tini; Arber Nuhiu, direktor Centra za razvoj dru\u0161tvenih grupa; i Sara Nicole Baxley, predava\u010dica etike na RIT Kosovo i dugogodi\u0161nja saradnica M\u017dK-a. Razgovarali su o va\u017enosti ja\u010danja eti\u010dke procene na Kosovu, kao primera relevantnog i za druge zemlje pogo\u0111ene sukobima.<\/p>\n\n\n\n<figure class=\"wp-block-image size-large\"><img decoding=\"async\" width=\"1024\" height=\"576\" src=\"https:\/\/womensnetwork.org\/wp-content\/uploads\/2026\/04\/Panel-1024x576.png\" alt=\"\" class=\"wp-image-3368042\" srcset=\"https:\/\/womensnetwork.org\/wp-content\/uploads\/2026\/04\/Panel-1024x576.png 1024w, https:\/\/womensnetwork.org\/wp-content\/uploads\/2026\/04\/Panel-300x169.png 300w, https:\/\/womensnetwork.org\/wp-content\/uploads\/2026\/04\/Panel-768x432.png 768w, https:\/\/womensnetwork.org\/wp-content\/uploads\/2026\/04\/Panel-1536x864.png 1536w, https:\/\/womensnetwork.org\/wp-content\/uploads\/2026\/04\/Panel-2048x1152.png 2048w\" sizes=\"(max-width: 1024px) 100vw, 1024px\" \/><figcaption class=\"wp-element-caption\">Moderatorka Kaltrina Kelmendi i panelisti Aliriza Arenliu, Arber Nuhiu i Sara Nicole Baxley.<\/figcaption><\/figure>\n\n\n\n<p>\u010cetvrtak je zavr\u0161en u Kino Armata, projekcijom veoma dirljivog filma \u201eZana\u201d, koji govori o kosovskoj \u017eeni koja poku\u0161ava da pomiri o\u010dekivanja maj\u010dinstva sa nasle\u0111em ratne brutalnosti. U\u010desnici su tako\u0111e imali priliku da razgovaraju sa rediteljkom, Antonetom Kastrati.<\/p>\n\n\n\n<p>Petak je nastavljen sesijom o potrebama za obrazovanjem i obukom partnera RESPONDER-a, kako akademskih institucija tako i organizacija civilnog dru\u0161tva. U svetlu <a href=\"https:\/\/womensnetwork.org\/wp-content\/uploads\/2026\/02\/Under-Threat-and-Resilient_SRB-1.pdf\">smanjenja finansijske podr\u0161ke<\/a> organizacijama civilnog dru\u0161tva, uklju\u010duju\u0107i \u017eenske grupe koje rade na istra\u017eivanju i zagovaranju, kao i one koje pru\u017eaju usluge \u017eenama \u017ertvama nasilja, Nicole Farnsworth iz M\u017dK-a odr\u017eala je sesiju o narednom Akcionom planu EU za rodnu ravnopravnost i finansiranju civilnog dru\u0161tva od strane EU. Ona je predlo\u017eila da Partnerstvo RESPONDER zajedni\u010dki pozove na pove\u0107anje finansiranja za prava \u017eena i rodnu ravnopravnost i ohrabrila u\u010desnike da potpi\u0161u i podele <a href=\"https:\/\/form.jotform.com\/260853624523356\">Nikozijsku deklaraciju<\/a> i daju doprinose <a href=\"https:\/\/ec.europa.eu\/info\/law\/better-regulation\/have-your-say\/initiatives\/17312-EU-action-plan-for-gender-equality-and-womens-empowerment-in-EU-external-action-GAP-IV-_en\">Akcionom planu EU za rodnu ravnopravnost IV<\/a>.<\/p>\n\n\n\n<figure class=\"wp-block-image size-large\"><img loading=\"lazy\" decoding=\"async\" width=\"1024\" height=\"576\" src=\"https:\/\/womensnetwork.org\/wp-content\/uploads\/2026\/04\/Web-format-6-1024x576.png\" alt=\"\" class=\"wp-image-3368048\" srcset=\"https:\/\/womensnetwork.org\/wp-content\/uploads\/2026\/04\/Web-format-6-1024x576.png 1024w, https:\/\/womensnetwork.org\/wp-content\/uploads\/2026\/04\/Web-format-6-300x169.png 300w, https:\/\/womensnetwork.org\/wp-content\/uploads\/2026\/04\/Web-format-6-768x432.png 768w, https:\/\/womensnetwork.org\/wp-content\/uploads\/2026\/04\/Web-format-6-1536x864.png 1536w, https:\/\/womensnetwork.org\/wp-content\/uploads\/2026\/04\/Web-format-6-2048x1152.png 2048w\" sizes=\"(max-width: 1024px) 100vw, 1024px\" \/><figcaption class=\"wp-element-caption\">Nicole Farnsworth odr\u017eava sesiju o Akcionom planu EU za rodnu ravnopravnost, bud\u017eetu EU i finansiranju civilnog dru\u0161tva.<\/figcaption><\/figure>\n\n\n\n<p>Zatim su partneri razgovarali o na\u010dinima za re\u0161avanje istra\u017eiva\u010dkih izazova, kao i o rezultatima Ankete RESPONDER-a o mobilizaciji znanja, koja slu\u017ei za razumevanje na\u010dina na koji se istra\u017eivanje mo\u017ee najbolje deliti izvan akademske zajednice. Predlo\u017eeni na\u010dini uklju\u010divali su podkaste, dokumentarne filmove, javne umetni\u010dke izlo\u017ebe i tribunale.<\/p>\n\n\n\n<p>Dr. Sabine Lee, ko-direktorka Partnerstva RESPONDER, zaklju\u010dila je poslednji dan izra\u017eavaju\u0107i zahvalnost Partnerstva svim u\u010desnicima, kao i doma\u0107inima, M\u017dK-u i Univerzitetu u Pri\u0161tini. \u201eHvala Kosovu na tako dobrodo\u0161lici i gostoljubivosti\u201d, rekla je ona.<\/p>\n\n\n\n<p>U petak uve\u010de, poseta je zavr\u0161ena ve\u010derom i plesom u Hani i 2 Robert\u00ebve, prostoru sa posebnom simbolikom, jer je tokom srpskog re\u017eima i okupacije slu\u017eio kao mesto susreta paralelnog kulturnog i politi\u010dkog \u017eivota Kosova.<\/p>\n\n\n\n<p>M\u017dK je ponosan \u0161to je deo Partnerstva RESPONDER i \u0161to doprinosi svojom feministi\u010dkom stru\u010dno\u0161\u0107u usmerenoj na pre\u017eivele, ka humanitarnim i mirovnim misijama bez zlostavljanja, koje po\u0161tuju prava i dostojanstvo svih zajednica pogo\u0111enih krizom.<\/p>\n\n\n\n<p>Partnerstvo RESPONDER finansira Savet za istra\u017eivanja dru\u0161tvenih i humanisti\u010dkih nauka (SSHRC) Kanade, uz zna\u010dajne doprinose lokalnih partnera, uklju\u010duju\u0107i M\u017dK.<\/p>\n","protected":false},"excerpt":{"rendered":"<p>Od 15. do 17. aprila, Mre\u017ea \u017eena Kosova (M\u017dK), u saradnji sa Univerzitetom u Pri\u0161tini, ugostila je na Kosovu \u010dlanove Partnerstva \u201eResponder-Seksualno iskori\u0161\u0107avanje i zlostavljanje u humanitarnim krizama\u201d (RESPONDER). Pored svoje stru\u010dnosti, \u010dlanovi delegacije doneli su sna\u017enu feministi\u010dku energiju i duh solidarnosti koji su duboko odjeknuli u M\u017dK-u, potvr\u0111uju\u0107i snagu kolektivnog delovanja u unapre\u0111enju pravde [&hellip;]<\/p>\n","protected":false},"author":4,"featured_media":3368051,"comment_status":"closed","ping_status":"closed","sticky":false,"template":"","format":"standard","meta":{"_FSMCFIC_featured_image_caption":"","_FSMCFIC_featured_image_nocaption":"","_FSMCFIC_featured_image_hide":"","footnotes":""},"categories":[59],"tags":[],"class_list":["post-3368055","post","type-post","status-publish","format-standard","has-post-thumbnail","hentry","category-vesti"],"acf":[],"_links":{"self":[{"href":"https:\/\/womensnetwork.org\/sr\/wp-json\/wp\/v2\/posts\/3368055","targetHints":{"allow":["GET"]}}],"collection":[{"href":"https:\/\/womensnetwork.org\/sr\/wp-json\/wp\/v2\/posts"}],"about":[{"href":"https:\/\/womensnetwork.org\/sr\/wp-json\/wp\/v2\/types\/post"}],"author":[{"embeddable":true,"href":"https:\/\/womensnetwork.org\/sr\/wp-json\/wp\/v2\/users\/4"}],"replies":[{"embeddable":true,"href":"https:\/\/womensnetwork.org\/sr\/wp-json\/wp\/v2\/comments?post=3368055"}],"version-history":[{"count":1,"href":"https:\/\/womensnetwork.org\/sr\/wp-json\/wp\/v2\/posts\/3368055\/revisions"}],"predecessor-version":[{"id":3368056,"href":"https:\/\/womensnetwork.org\/sr\/wp-json\/wp\/v2\/posts\/3368055\/revisions\/3368056"}],"wp:featuredmedia":[{"embeddable":true,"href":"https:\/\/womensnetwork.org\/sr\/wp-json\/wp\/v2\/media\/3368051"}],"wp:attachment":[{"href":"https:\/\/womensnetwork.org\/sr\/wp-json\/wp\/v2\/media?parent=3368055"}],"wp:term":[{"taxonomy":"category","embeddable":true,"href":"https:\/\/womensnetwork.org\/sr\/wp-json\/wp\/v2\/categories?post=3368055"},{"taxonomy":"post_tag","embeddable":true,"href":"https:\/\/womensnetwork.org\/sr\/wp-json\/wp\/v2\/tags?post=3368055"}],"curies":[{"name":"wp","href":"https:\/\/api.w.org\/{rel}","templated":true}]}}