{"id":3369454,"date":"2026-08-31T09:14:49","date_gmt":"2026-08-31T09:14:49","guid":{"rendered":"https:\/\/womensnetwork.org\/?p=3369454"},"modified":"2026-08-31T09:14:50","modified_gmt":"2026-08-31T09:14:50","slug":"raba-voca-zastita-i-osnazivanje-zena-i-dece","status":"publish","type":"post","link":"https:\/\/womensnetwork.org\/sr\/raba-voca-zastita-i-osnazivanje-zena-i-dece\/","title":{"rendered":"\u201eRaba Voca\u201c- za\u0161tita i osna\u017eivanje \u017eena i dece\u00a0"},"content":{"rendered":"\n<p class=\"wp-block-paragraph\">Od 1999. godine, <a href=\"https:\/\/womensnetwork.org\/sr\/members\/centar-za-zastitu-zena-i-dececzzd-raba-voca\/\" target=\"_blank\" rel=\"noopener\">Centar za za\u0161titu \u017eena i dece \u2013 CZ\u017dD \u201eRaba Voca\u201c<\/a> radi u Mitrovici na za\u0161titi, dobrobiti i osna\u017eivanju \u017eena i dece, posebno onih koji se suo\u010davaju sa nasiljem u porodici i rodno zasnovanim nasiljem. Od 2015. do 2025. godine, organizacija je pomogla vi\u0161e od 850 \u017eena, devoj\u010dica i de\u010daka u najte\u017eim periodima njihovog \u017eivota..&nbsp;<\/p>\n\n\n\n<p class=\"wp-block-paragraph\">\u201eTo su veoma te\u0161ki slu\u010dajevi\u201c, rekla je direktorka Fidane Hiseni. \u201eMnogo puta sam i sama rizikovala, odlaze\u0107i sa \u017eenama u drugi grad.\u201c Koristila je svoje privatno vozilo kako bi odlazila na mesta gde su se nalazile \u017eene kojima je bila potrebna pomo\u0107, u situacijama kada institucije nisu bile u mogu\u0107nosti da ispune svoje obaveze.&nbsp;<\/p>\n\n\n\n<p class=\"wp-block-paragraph\">\u201eDe\u0161avalo se da nismo imali sredstva za hranu, pa je osoblje skloni\u0161ta donosilo hleb iz svojih ku\u0107a za \u017ertve koje su bile sme\u0161tene u skloni\u0161tu. U periodu kada nije bilo dr\u017eavnog finansiranja, kao i druga skloni\u0161ta, odlazili smo u preduze\u0107a da tra\u017eimo podr\u0161ku\u201c, rekla je Hiseni.&nbsp;<\/p>\n\n\n\n<p class=\"wp-block-paragraph\">Na \u010delu sa direktorkom Fidane Hyseni, organizacija pru\u017ea direktnu podr\u0161ku \u017eenama i deci, uklju\u010duju\u0107i sme\u0161taj, savetovanje i za\u0161titu, sa fokusom na njihovu fizi\u010dku i psihosocijalnu dobrobit. Zahvaljuju\u0107i svom stru\u010dnom znanju i iskustvu u pru\u017eanju podr\u0161ke osobama koje su do\u017eivele traumu, g\u0111a Hyseni pomogla je mnogim \u017eenama i deci.&nbsp;<\/p>\n\n\n\n<p class=\"wp-block-paragraph\">Pored direktne podr\u0161ke, CZ\u017dD \u201eRaba Voca\u201c anga\u017eovana je u borbi protiv nasilja u porodici, rodno zasnovanog nasilja i trgovine ljudima, zala\u017eu\u0107i se za prava i bezbednost \u017eena i dece. Kroz svoj rad, organizacija nastoji da \u017eenama i deci obezbedi pristup za\u0161titi i uslugama, kao i mogu\u0107nost da \u017eive dostojanstveno i bez nasilja.&nbsp;<\/p>\n\n\n\n<p class=\"wp-block-paragraph\">Zalaganje za ravnopravnije politike tako\u0111e je deo rada CZ\u017dD \u201eRaba Voca\u201c. Organizacija je skretala pa\u017enju na pitanja koja direktno&nbsp; uti\u010du na \u017eivot \u017eena i porodica, uklju\u010duju\u0107i rodnu ravnopravnost i <a href=\"https:\/\/womensnetwork.org\/sr\/kmgf-raba-voca-se-zalaze-za-zajednicko-roditeljsko-odsustvo-2\/\" target=\"_blank\" rel=\"noopener\">zajedni\u010dko roditeljsko odsustvo<\/a>. Neumorno se zalagala kod op\u0161tina za izdvajanje sredstava za skloni\u0161ta, u skladu sa njihovim zakonskim obavezama.&nbsp;<\/p>\n\n\n\n<p class=\"wp-block-paragraph\">Kroz ove napore, CZ\u017dD \u201eRaba Voca\u201c nastavlja da povezuje konkretnu podr\u0161ku \u017eenama i deci sa zalaganjem za dugoro\u010dne i odr\u017eive promene u politikama i dru\u0161tvu.&nbsp;&nbsp;<\/p>\n\n\n\n<p class=\"wp-block-paragraph\">CZ\u017dD \u201eRaba Voca\u201c je \u010dlanica Mre\u017ee \u017eena Kosova i doprinosi radu ove zajedni\u010dke mre\u017ee organizacija koje rade na unapre\u0111enju prava \u017eena, rodne ravnopravnosti i dru\u0161tva bez nasilja.&nbsp;<\/p>\n\n\n\n<p class=\"wp-block-paragraph\">Ako \u017eelite da podr\u017eite QMGF \u201eRaba Voca\u201c, mo\u017eete dati donaciju tako \u0161to \u0107ete kontaktirati <a href=\"https:\/\/womensnetwork.org\/sr\/donate\/\" target=\"_blank\" rel=\"noopener\">Mre\u017eu \u017eena Kosova<\/a> ili se direktno obratiti organizaciji putem mejla na adresu <a href=\"mailto:Rabavocacpwc@gmail.com\" target=\"_blank\" rel=\"noopener\">Rabavocacpwc@gmail.com<\/a>.&nbsp;<\/p>\n\n\n\n<p class=\"wp-block-paragraph\">\u202f\u202f\u202f&nbsp;<\/p>\n","protected":false},"excerpt":{"rendered":"<p>Od 1999. godine, Centar za za\u0161titu \u017eena i dece \u2013 CZ\u017dD \u201eRaba Voca\u201c radi u Mitrovici na za\u0161titi, dobrobiti i osna\u017eivanju \u017eena i dece, posebno onih koji se suo\u010davaju sa nasiljem u porodici i rodno zasnovanim nasiljem. Od 2015. do 2025. godine, organizacija je pomogla vi\u0161e od 850 \u017eena, devoj\u010dica i de\u010daka u najte\u017eim periodima [&hellip;]<\/p>\n","protected":false},"author":4,"featured_media":3369394,"comment_status":"closed","ping_status":"closed","sticky":false,"template":"","format":"standard","meta":{"_acf_changed":false,"_FSMCFIC_featured_image_caption":"","_FSMCFIC_featured_image_nocaption":"","_FSMCFIC_featured_image_hide":"","footnotes":""},"categories":[59],"tags":[],"class_list":["post-3369454","post","type-post","status-publish","format-standard","has-post-thumbnail","hentry","category-vesti"],"acf":[],"_links":{"self":[{"href":"https:\/\/womensnetwork.org\/sr\/wp-json\/wp\/v2\/posts\/3369454","targetHints":{"allow":["GET"]}}],"collection":[{"href":"https:\/\/womensnetwork.org\/sr\/wp-json\/wp\/v2\/posts"}],"about":[{"href":"https:\/\/womensnetwork.org\/sr\/wp-json\/wp\/v2\/types\/post"}],"author":[{"embeddable":true,"href":"https:\/\/womensnetwork.org\/sr\/wp-json\/wp\/v2\/users\/4"}],"replies":[{"embeddable":true,"href":"https:\/\/womensnetwork.org\/sr\/wp-json\/wp\/v2\/comments?post=3369454"}],"version-history":[{"count":1,"href":"https:\/\/womensnetwork.org\/sr\/wp-json\/wp\/v2\/posts\/3369454\/revisions"}],"predecessor-version":[{"id":3369455,"href":"https:\/\/womensnetwork.org\/sr\/wp-json\/wp\/v2\/posts\/3369454\/revisions\/3369455"}],"wp:featuredmedia":[{"embeddable":true,"href":"https:\/\/womensnetwork.org\/sr\/wp-json\/wp\/v2\/media\/3369394"}],"wp:attachment":[{"href":"https:\/\/womensnetwork.org\/sr\/wp-json\/wp\/v2\/media?parent=3369454"}],"wp:term":[{"taxonomy":"category","embeddable":true,"href":"https:\/\/womensnetwork.org\/sr\/wp-json\/wp\/v2\/categories?post=3369454"},{"taxonomy":"post_tag","embeddable":true,"href":"https:\/\/womensnetwork.org\/sr\/wp-json\/wp\/v2\/tags?post=3369454"}],"curies":[{"name":"wp","href":"https:\/\/api.w.org\/{rel}","templated":true}]}}