{"id":3369458,"date":"2026-08-31T09:20:49","date_gmt":"2026-08-31T09:20:49","guid":{"rendered":"https:\/\/womensnetwork.org\/?p=3369458"},"modified":"2026-08-31T09:20:49","modified_gmt":"2026-08-31T09:20:49","slug":"mzk-sprecavanje-nasilja-mora-poceti-pre-nego-sto-se-zavrsi-femicidom","status":"publish","type":"post","link":"https:\/\/womensnetwork.org\/sr\/mzk-sprecavanje-nasilja-mora-poceti-pre-nego-sto-se-zavrsi-femicidom\/","title":{"rendered":"M\u017dK: Spre\u010davanje nasilja mora po\u010deti pre nego \u0161to se zavr\u0161i femicidom\u00a0"},"content":{"rendered":"\n<p class=\"wp-block-paragraph\">U roku od nekoliko dana, krajem avgusta, dve \u017eene na Kosovu ubili su njihovi supru\u017enici. U Mali\u0161evu je <a href=\"https:\/\/www.facebook.com\/share\/p\/1EXFqJivXe\/\" target=\"_blank\" rel=\"noopener\">25-godi\u0161nja trudnica<\/a> izgubila \u017eivot nakon \u0161to je prona\u0111ena povre\u0111ena, a njen suprug je bio osumnji\u010den za ubistvo. Nekoliko dana kasnije, i on je preminuo. Samo nekoliko dana potom, <a href=\"https:\/\/www.facebook.com\/share\/p\/1DeHXW3bQ5\/\" target=\"_blank\" rel=\"noopener\">u Prizrenu je 80-godi\u0161nju \u017eenu<\/a> tako\u0111e ubio njen suprug, koji je osumnji\u010den za ubistvo.&nbsp;<\/p>\n\n\n\n<p class=\"wp-block-paragraph\">Nakon ova dva potresna slu\u010daja, Kolektiv za feministi\u010dku misao i akciju sazvao je protest kojem se pridru\u017eila i Mre\u017ea \u017eena Kosova (M\u017dK), <a href=\"https:\/\/www.facebook.com\/share\/p\/1DSUqtMhPb\/\" target=\"_blank\" rel=\"noopener\">zahtevaju\u0107i od institucija da deluju pre nego \u0161to nasilje eskalira i odnese jo\u0161 jedan \u017eivot<\/a>. M\u017dK je zahtevala ve\u0107i broj socijalnih radnika koji bi aktivno pratili \u017eene izlo\u017eene riziku, bolje pra\u0107enje i postupanje u slu\u010dajevima nasilja, pravovremenu intervenciju i ve\u0107u podr\u0161ku \u017eenama koje su pre\u017eivele nasilje. Tako\u0111e je tra\u017eila da se \u017eenama koje napuste nasilnike obezbedi podr\u0161ka za pla\u0107anje kirije, da se finansiraju socijalne usluge i da \u017eene ne budu prepu\u0161tene same sebi kada se suo\u010davaju sa nasilnicima.&nbsp;<\/p>\n\n\n\n<p class=\"wp-block-paragraph\">Ova dva slu\u010daja jo\u0161 jednom pokazuju da \u017eene i dalje ostaju ugro\u017eene upravo na mestima gde bi trebalo da budu najbezbednije. Nakon tragi\u010dnog slu\u010daja u Mali\u0161evu, M\u017dK je zahtevala da se slu\u010daj u potpunosti, nezavisno i brzo istra\u017ei, dok je nakon slu\u010daja u Prizrenu ponovila zahtev za potpunom istragom i utvr\u0111ivanjem odgovornosti. Me\u0111utim, M\u017dK je naglasila da reakcija nakon \u0161to je \u017eena ubijena nije dovoljna.&nbsp;<\/p>\n\n\n\n<p class=\"wp-block-paragraph\">Spre\u010davanje nasilja zahteva da institucije deluju mnogo ranije: kroz detaljnu procenu rizika, efikasno sprovo\u0111enje za\u0161titnih mera, pra\u0107enje po\u010dinilaca nasilja i saradnju policije, tu\u017eila\u0161tva, sudova i socijalnih slu\u017ebi.&nbsp;<\/p>\n\n\n\n<p class=\"wp-block-paragraph\">Govore\u0107i za <a href=\"https:\/\/klankosova.tv\/berisha-nuk-duhet-te-reagojme-vetem-kur-dhuna-perfundon-me-fatalitet-video?fbclid=IwY2xjawT7kwFwZG9mAWV4dG4DYWVtAjExAHNydGMGYXBwX2lkEDIyMjAzOTE3ODgyMDA4OTIAAR6_5ryGP_n_Wk--d_rDNzXsVe2rS4mxkEcTp23e1XW6gOcy0ZR3mFCbEXhzRQ_aem_paSSrDBLF4atLA0Jwz66Dg\" target=\"_blank\" rel=\"noopener\">Klan Kosova<\/a>, direktorka Programa za re\u0161avanje pitanja rodno zasnovanog nasilja u M\u017dK-u, Adeljina Beri\u0161a, istakla je da dru\u0161tvo i institucije ne smeju da reaguju tek kada nasilje zavr\u0161i smrtnim ishodom.&nbsp;<\/p>\n\n\n\n<p class=\"wp-block-paragraph\">\u201eReagujemo nakon \u0161to do\u0111e do smrtnog ishoda. Ne govorimo svakodnevno o tome koliko je nasilje \u0161tetno, koliko je \u0161tetna rodna diskriminacija i koliko je \u0161tetna rodna neravnopravnost\u201c, izjavila je ona.&nbsp;<\/p>\n\n\n\n<p class=\"wp-block-paragraph\">Beri\u0161a je naglasila da prevencija treba da po\u010dne jo\u0161 u detinjstvu, kroz obrazovanje o jednakom postupanju prema svima, dok dru\u0161tvo treba da obrati vi\u0161e pa\u017enje na jezik i pona\u0161anje kojima se mizoginija i nasilje normalizuju.&nbsp;<\/p>\n\n\n\n<p class=\"wp-block-paragraph\">\u201eAko svakodnevno toleri\u0161emo nasilje, ne treba da nas iznenadi \u0161to jednog dana do\u0111e do najtragi\u010dnijeg ishoda\u201c, rekla je ona.&nbsp;<\/p>\n\n\n\n<p class=\"wp-block-paragraph\">U izjavi za <a href=\"https:\/\/www.evropaelire.org\/a\/rrjeti-grave-shteti-tragjedi-reagim\/33840369.html\" target=\"_blank\" rel=\"noopener\">Radio Slobodna Evropa<\/a>, M\u017dK je istakla da \u017eene i dalje bivaju ubijane i da dr\u017eava ne uspeva da ih delotvorno za\u0161titi. Prema navodima M\u017dK-a, ovi slu\u010dajevi ne mogu se posmatrati kao izolovani incidenti, ve\u0107 ukazuju na dublje, sistemske propuste u spre\u010davanju nasilja nad \u017eenama i postupanju u takvim slu\u010dajevima.&nbsp;<\/p>\n\n\n\n<p class=\"wp-block-paragraph\">M\u017dK je podsetila i na slu\u010daj Hamide Magashi, koja je bila trudna i imala va\u017ee\u0107u meru za\u0161tite kada ju je ubio suprug.&nbsp;<\/p>\n\n\n\n<p class=\"wp-block-paragraph\">\u201eAko \u017eena koja je zatra\u017eila za\u0161titu dr\u017eave i ima meru za\u0161tite i dalje mo\u017ee biti ubijena, gde onda sistem zakazuje?\u201c, upitala je M\u017dK.&nbsp;<\/p>\n\n\n\n<p class=\"wp-block-paragraph\">Beri\u0161a je, u izjavi za <a href=\"https:\/\/www.facebook.com\/share\/v\/1BYJzJXqgb\/\" target=\"_blank\" rel=\"noopener\">Radio-televiziju 21<\/a>, govorila i o potrebi da se odgovornost za nasilje ne relativizuje opravdanjima koja ne doprinose njegovom spre\u010davanju. Govore\u0107i za <a href=\"https:\/\/www.facebook.com\/reel\/2019204892076979\" target=\"_blank\" rel=\"noopener\">T7<\/a>, ona je naglasila i ulogu patrijarhalnog mentaliteta u nasilju nad \u017eenama.&nbsp;<\/p>\n\n\n\n<p class=\"wp-block-paragraph\">\u201eGovorimo o mu\u0161karcima koji misle da imaju mo\u0107, zloupotrebljavaju je, ubijaju svoje supruge i vr\u0161e nasilje nad njima\u201c, izjavila je ona.&nbsp;<\/p>\n\n\n\n<p class=\"wp-block-paragraph\"><a href=\"https:\/\/www.youtube.com\/live\/KRQKt_aZ_2c?si=wUPIVbciSIX4s1XP&amp;t=1073\" target=\"_blank\" rel=\"noopener\">Fortuna \u0160kodra Haljiti,<\/a> menad\u017eerka za odnose s javno\u0161\u0107u u M\u017dK-u, u razgovoru za KTV, istakla je da ovo nisu izolovani slu\u010dajevi, ve\u0107 pokazatelji sistemskih propusta u spre\u010davanju nasilja nad \u017eenama i postupanju u takvim slu\u010dajevima. Posebno je istakla zabrinutost zbog blagih kazni za nasilje u porodici..&nbsp;<\/p>\n\n\n\n<p class=\"wp-block-paragraph\"><a href=\"https:\/\/www.youtube.com\/watch?v=QNkElDHkpso\" target=\"_blank\" rel=\"noopener\">Beri\u0161a je za TV Dukagjini<\/a> naglasila da su \u017eivoti \u017eena i devojaka i dalje ugro\u017eeni i da se mora delovati pre nego \u0161to bude prekasno. Izrazila je zabrinutost i zbog slu\u010dajeva u kojima nije poznata istorija nasilja, kao i zbog propusta u institucionalnom lancu u prijavljenim slu\u010dajevima.&nbsp;<\/p>\n\n\n\n<p class=\"wp-block-paragraph\">U me\u0111uvremenu, <a href=\"https:\/\/www.youtube.com\/watch?v=zHvBrgQAZdU&amp;t=78s\" target=\"_blank\" rel=\"noopener\">Meljisa Kadoli,<\/a> pravna koordinatorka i osoba zadu\u017eena za pra\u0107enje sudskih postupaka u M\u017dK-u, izjavila je za RTK da jo\u0161 nije jasno koji su mehanizmi zakazali u ovim konkretnim slu\u010dajevima, ali da ovi slu\u010dajevi predstavljaju ozbiljno upozorenje i izazivaju zabrinutost zbog toga da li dr\u017eava uspeva da za\u0161titi \u017eene i devojke.&nbsp;<\/p>\n\n\n\n<p class=\"wp-block-paragraph\">Budu\u0107i da su dve \u017eene ubijene u roku od nekoliko dana, M\u017dK isti\u010de da se ne mo\u017ee \u010dekati da jo\u0161 jedna \u017eena izgubi \u017eivot da bi se ponovo govorilo o potrebi za delovanjem. \u017divoti \u017eena ne mogu se \u0161tititi tek kada budu izgubljeni. Prevencija mora po\u010deti pre nego \u0161to nasilje eskalira i pre nego \u0161to bude prekasno.&nbsp;<\/p>\n\n\n\n<p class=\"wp-block-paragraph\">M\u017dK poziva institucije da preduzmu konkretne, hitne i koordinisane mere za spre\u010davanje nasilja nad \u017eenama, za\u0161titu \u017ertava i garantovanje njihove bezbednosti. Istrage u oba slu\u010daja moraju biti sveobuhvatne, nezavisne i brze, a odgovorni moraju odgovarati pred pravosudnim organima.&nbsp;<\/p>\n\n\n\n<p class=\"wp-block-paragraph\">M\u017dK \u0107e nastaviti da pa\u017eljivo prati ove slu\u010dajeve i postupanje institucija, zahtevaju\u0107i da za\u0161tita \u017eena ne ostane samo na papiru, u zakonima i izjavama, ve\u0107 da se sprovodi u praksi.&nbsp;<\/p>\n\n\n\n<p class=\"wp-block-paragraph\">Ako ste \u017ertva rodno zasnovanog nasilja ili poznajete nekoga ko trpi nasilje, M\u017dK pru\u017ea besplatnu pravnu pomo\u0107 putem telefona <strong>048 105 800<\/strong>.&nbsp;<\/p>\n","protected":false},"excerpt":{"rendered":"<p>U roku od nekoliko dana, krajem avgusta, dve \u017eene na Kosovu ubili su njihovi supru\u017enici. U Mali\u0161evu je 25-godi\u0161nja trudnica izgubila \u017eivot nakon \u0161to je prona\u0111ena povre\u0111ena, a njen suprug je bio osumnji\u010den za ubistvo. Nekoliko dana kasnije, i on je preminuo. Samo nekoliko dana potom, u Prizrenu je 80-godi\u0161nju \u017eenu tako\u0111e ubio njen suprug, [&hellip;]<\/p>\n","protected":false},"author":4,"featured_media":3369449,"comment_status":"closed","ping_status":"closed","sticky":false,"template":"","format":"standard","meta":{"_acf_changed":false,"_FSMCFIC_featured_image_caption":"","_FSMCFIC_featured_image_nocaption":"","_FSMCFIC_featured_image_hide":"","footnotes":""},"categories":[59],"tags":[],"class_list":["post-3369458","post","type-post","status-publish","format-standard","has-post-thumbnail","hentry","category-vesti"],"acf":[],"_links":{"self":[{"href":"https:\/\/womensnetwork.org\/sr\/wp-json\/wp\/v2\/posts\/3369458","targetHints":{"allow":["GET"]}}],"collection":[{"href":"https:\/\/womensnetwork.org\/sr\/wp-json\/wp\/v2\/posts"}],"about":[{"href":"https:\/\/womensnetwork.org\/sr\/wp-json\/wp\/v2\/types\/post"}],"author":[{"embeddable":true,"href":"https:\/\/womensnetwork.org\/sr\/wp-json\/wp\/v2\/users\/4"}],"replies":[{"embeddable":true,"href":"https:\/\/womensnetwork.org\/sr\/wp-json\/wp\/v2\/comments?post=3369458"}],"version-history":[{"count":1,"href":"https:\/\/womensnetwork.org\/sr\/wp-json\/wp\/v2\/posts\/3369458\/revisions"}],"predecessor-version":[{"id":3369459,"href":"https:\/\/womensnetwork.org\/sr\/wp-json\/wp\/v2\/posts\/3369458\/revisions\/3369459"}],"wp:featuredmedia":[{"embeddable":true,"href":"https:\/\/womensnetwork.org\/sr\/wp-json\/wp\/v2\/media\/3369449"}],"wp:attachment":[{"href":"https:\/\/womensnetwork.org\/sr\/wp-json\/wp\/v2\/media?parent=3369458"}],"wp:term":[{"taxonomy":"category","embeddable":true,"href":"https:\/\/womensnetwork.org\/sr\/wp-json\/wp\/v2\/categories?post=3369458"},{"taxonomy":"post_tag","embeddable":true,"href":"https:\/\/womensnetwork.org\/sr\/wp-json\/wp\/v2\/tags?post=3369458"}],"curies":[{"name":"wp","href":"https:\/\/api.w.org\/{rel}","templated":true}]}}