{"id":3369462,"date":"2026-08-31T09:23:23","date_gmt":"2026-08-31T09:23:23","guid":{"rendered":"https:\/\/womensnetwork.org\/?p=3369462"},"modified":"2026-08-31T09:23:24","modified_gmt":"2026-08-31T09:23:24","slug":"zajedno-stvaramo-zajedno-rastemo-dve-nedelje-posvecene-inkluziji-i-ravnopravnosti","status":"publish","type":"post","link":"https:\/\/womensnetwork.org\/sr\/zajedno-stvaramo-zajedno-rastemo-dve-nedelje-posvecene-inkluziji-i-ravnopravnosti\/","title":{"rendered":"\u201eZajedno stvaramo, zajedno rastemo\u201c\u2013dve nedelje posve\u0107ene inkluziji i ravnopravnosti\u00a0"},"content":{"rendered":"\n<p class=\"wp-block-paragraph\">U petak je zavr\u0161ena inicijativa \u201eZajedno stvaramo, zajedno rastemo\u201c, koju je organizovala organizacija \u201e\u010cuj moj glas\u201c (<em>D\u00ebgjo z\u00ebrin tim<\/em>), sa ciljem stvaranja inkluzivnog prostora u kojem se svako dete ose\u0107a prihva\u0107eno, ravnopravno i cenjeno.&nbsp;<\/p>\n\n\n\n<p class=\"wp-block-paragraph\">Tokom dve nedelje, 30 dece sa i bez smetnji u razvoju, zajedno sa svojim majkama, u\u010destvovalo je u kreativnim, edukativnim i dru\u0161tvenim aktivnostima koje su se odr\u017eavale tri puta nedeljno, u\u010de\u0107i, sara\u0111uju\u0107i i stvaraju\u0107i zajedno.&nbsp;<\/p>\n\n\n\n<p class=\"wp-block-paragraph\">Inicijativa je realizovana zahvaljuju\u0107i sredstvima prikupljenim na sajmovima koje je organizovala organizacija \u201e\u010cuj moj glas\u201c, kao i podr\u0161ci razli\u010ditih preduze\u0107a i op\u0161tine. Poseban doprinos dale su i psiholo\u0161kinje i u\u010diteljice, koje su u realizaciji inicijative u\u010destvovale volonterski.&nbsp;<\/p>\n\n\n\n<p class=\"wp-block-paragraph\">Na zavr\u0161nom doga\u0111aju inicijative izlo\u017eeni su radovi koje su deca izradila tokom prethodne dve nedelje, koji su pokazali njihovu kreativnost, talenat i posve\u0107enost.&nbsp;<\/p>\n\n\n\n<p class=\"wp-block-paragraph\">Na doga\u0111aju su u\u010destvovali i predstavnici Policije u Obili\u0107u i Op\u0161tine Obili\u0107.&nbsp;<\/p>\n\n\n\n<p class=\"wp-block-paragraph\">Arjeta Miftari iz Direkcije za kulturu, omladinu i sport Op\u0161tine Obili\u0107 istakla je zna\u010daj ove inicijative i obe\u0107ala da \u0107e op\u0161tina nastaviti da podr\u017eava ovakve inicijative, u skladu sa svojim mogu\u0107nostima&nbsp;<\/p>\n\n\n\n<p class=\"wp-block-paragraph\">\u201eNa\u0161 cilj je podizanje svesti u dru\u0161tvu kako bi ova deca bila prihva\u0107ena i ose\u0107ala se ravnopravno sa drugom decom\u201c, rekla je direktorka organizacije D\u017eevahire Preni\u0107i.&nbsp;<\/p>\n\n\n\n<p class=\"wp-block-paragraph\">Govore\u0107i iz li\u010dnog iskustva kao majka deteta sa smetnjama u razvoju, Preni\u0107i je podelila i sna\u017enu poruku: \u201eImaju\u0107i i sama dete sa smetnjama u razvoju i \u010desto se suo\u010davaju\u0107i sa pote\u0161ko\u0107ama, ponekad po\u017eelim da odustanem. Ali pla\u0161im se da \u0107e me jednog dana moje dete osu\u0111ivati: \u2018Za\u0161to je mama odustala?\u2019 Zato ustanem i nastavljam dalje.\u201c&nbsp;<\/p>\n\n\n\n<p class=\"wp-block-paragraph\">\u201e\u010cuj moj glas\u201c nastavlja da radi na stvaranju dru\u0161tva u kojem se svako dete, bez obzira na razlike ili smetnje u razvoju, ose\u0107a prihva\u0107eno i ravnopravno.&nbsp;<\/p>\n\n\n\n<p class=\"wp-block-paragraph\">Ako \u017eelite da doprinesete ovoj misiji i podr\u017eite rad organizacije koja se zala\u017ee za inkluziju, osna\u017eivanje i stvaranje mogu\u0107nosti za decu i njihove porodice, mo\u017eete postati deo ove inicijative. Svaka podr\u0161ka, bilo kroz doprinos, partnerstvo ili stvaranje mogu\u0107nosti za decu, poma\u017ee da se ovakve aktivnosti nastave.&nbsp;<\/p>\n\n\n\n<p class=\"wp-block-paragraph\">Za vi\u0161e informacija mo\u017eete direktno kontaktirati organizaciju \u201e\u010cuj moj glas\u201c.&nbsp;<\/p>\n","protected":false},"excerpt":{"rendered":"<p>U petak je zavr\u0161ena inicijativa \u201eZajedno stvaramo, zajedno rastemo\u201c, koju je organizovala organizacija \u201e\u010cuj moj glas\u201c (D\u00ebgjo z\u00ebrin tim), sa ciljem stvaranja inkluzivnog prostora u kojem se svako dete ose\u0107a prihva\u0107eno, ravnopravno i cenjeno.&nbsp; Tokom dve nedelje, 30 dece sa i bez smetnji u razvoju, zajedno sa svojim majkama, u\u010destvovalo je u kreativnim, edukativnim i [&hellip;]<\/p>\n","protected":false},"author":4,"featured_media":3369442,"comment_status":"closed","ping_status":"closed","sticky":false,"template":"","format":"standard","meta":{"_acf_changed":false,"_FSMCFIC_featured_image_caption":"","_FSMCFIC_featured_image_nocaption":"","_FSMCFIC_featured_image_hide":"","footnotes":""},"categories":[59],"tags":[],"class_list":["post-3369462","post","type-post","status-publish","format-standard","has-post-thumbnail","hentry","category-vesti"],"acf":[],"_links":{"self":[{"href":"https:\/\/womensnetwork.org\/sr\/wp-json\/wp\/v2\/posts\/3369462","targetHints":{"allow":["GET"]}}],"collection":[{"href":"https:\/\/womensnetwork.org\/sr\/wp-json\/wp\/v2\/posts"}],"about":[{"href":"https:\/\/womensnetwork.org\/sr\/wp-json\/wp\/v2\/types\/post"}],"author":[{"embeddable":true,"href":"https:\/\/womensnetwork.org\/sr\/wp-json\/wp\/v2\/users\/4"}],"replies":[{"embeddable":true,"href":"https:\/\/womensnetwork.org\/sr\/wp-json\/wp\/v2\/comments?post=3369462"}],"version-history":[{"count":1,"href":"https:\/\/womensnetwork.org\/sr\/wp-json\/wp\/v2\/posts\/3369462\/revisions"}],"predecessor-version":[{"id":3369463,"href":"https:\/\/womensnetwork.org\/sr\/wp-json\/wp\/v2\/posts\/3369462\/revisions\/3369463"}],"wp:featuredmedia":[{"embeddable":true,"href":"https:\/\/womensnetwork.org\/sr\/wp-json\/wp\/v2\/media\/3369442"}],"wp:attachment":[{"href":"https:\/\/womensnetwork.org\/sr\/wp-json\/wp\/v2\/media?parent=3369462"}],"wp:term":[{"taxonomy":"category","embeddable":true,"href":"https:\/\/womensnetwork.org\/sr\/wp-json\/wp\/v2\/categories?post=3369462"},{"taxonomy":"post_tag","embeddable":true,"href":"https:\/\/womensnetwork.org\/sr\/wp-json\/wp\/v2\/tags?post=3369462"}],"curies":[{"name":"wp","href":"https:\/\/api.w.org\/{rel}","templated":true}]}}